{"id":2487,"date":"2025-05-19T22:31:25","date_gmt":"2025-05-19T21:31:25","guid":{"rendered":"https:\/\/nicepartylife.com\/?p=2487"},"modified":"2026-04-16T07:21:57","modified_gmt":"2026-04-16T06:21:57","slug":"festival-de-cinema-de-cannes","status":"publish","type":"post","link":"https:\/\/nicepartylife.com\/pt\/festival-de-cinema-de-cannes\/","title":{"rendered":"Festival de Cannes 2026: Guia completo, filmes e dicas"},"content":{"rendered":"<p>Imagine: o sol do <strong>Riviera Francesa<\/strong>, <strong>estrelas globais<\/strong>, <strong>filmes incr\u00edveis<\/strong>\u2026 Bem-vindo ao <strong>Festival de Cinema de Cannes<\/strong>! \ud83e\udd29 Todos os anos, em maio, este recanto paradis\u00edaco da Fran\u00e7a se transforma no centro do mundo do cinema. Mais do que um festival, \u00e9 uma grande festa onde arte, neg\u00f3cios e glamour se encontram em um espet\u00e1culo deslumbrante. A edi\u00e7\u00e3o de 2026 (a <strong>79\u00ba<\/strong>!) promete ser t\u00e3o m\u00e1gico quanto os anteriores, definindo as tend\u00eancias cinematogr\u00e1ficas do ano. <strong>12 dias<\/strong>Cannes se transforma em um playground para os amantes do cinema, um lugar onde novos talentos s\u00e3o descobertos, lendas s\u00e3o celebradas e o futuro do cinema \u00e9 moldado.<\/p>\n\n\n\n<p>A emo\u00e7\u00e3o aumenta com meses de anteced\u00eancia! \ud83d\uddd3\ufe0f Sussurros de nomes de filmes, estrelas esperadas e todos se perguntando quem ganhar\u00e1 o famoso <strong>Palma de Ouro<\/strong>. O festival tem um impacto enorme, n\u00e3o s\u00f3 no cinema, mas tamb\u00e9m <strong>moda<\/strong> \ud83d\udc60, <strong>luxo<\/strong>, e <strong>cultura das celebridades<\/strong> em todo o mundo. O <strong>subindo os degraus<\/strong> do <strong>Pal\u00e1cio dos Festivais<\/strong> \u00e9 O desfile de moda do ano!<\/p>\n\n\n\n<p>Para obter as informa\u00e7\u00f5es oficiais mais atualizadas, consulte sempre o <a href=\"https:\/\/www.festival-cannes.com\/en\/\" target=\"_blank\" rel=\"noopener\">Site oficial do Festival de Cinema de Cannes<\/a>.<\/p>\n\n\n<style>.kb-table-of-content-nav.kb-table-of-content-id2487_7b7a5e-3e .kb-table-of-content-wrap{padding-top:var(--global-kb-spacing-sm, 1.5rem);padding-right:var(--global-kb-spacing-sm, 1.5rem);padding-bottom:var(--global-kb-spacing-sm, 1.5rem);padding-left:var(--global-kb-spacing-sm, 1.5rem);}.kb-table-of-content-nav.kb-table-of-content-id2487_7b7a5e-3e .kb-table-of-contents-title-wrap{padding-top:0px;padding-right:0px;padding-bottom:0px;padding-left:0px;}.kb-table-of-content-nav.kb-table-of-content-id2487_7b7a5e-3e .kb-table-of-contents-title{font-weight:regular;font-style:normal;}.kb-table-of-content-nav.kb-table-of-content-id2487_7b7a5e-3e .kb-table-of-content-wrap .kb-table-of-content-list{color:#1033ff;font-weight:regular;font-style:normal;margin-top:var(--global-kb-spacing-sm, 1.5rem);margin-right:0px;margin-bottom:0px;margin-left:0px;}<\/style>\n\n\n<h2 class=\"wp-block-heading\"><strong>\ud83d\udccd <\/strong>Cannes 2026: Datas, Local e Estrelas no Festival de Cannes<strong> \ud83c\udf1f<\/strong><\/h2>\n\n\n\n<p>Preparem suas agendas! \u270d\ufe0f A <strong>79\u00ba Festival de Cinema de Cannes<\/strong> acontecer\u00e1 a partir de <strong>De ter\u00e7a-feira, 12 de maio, a sexta-feira, 23 de maio de 2026.<\/strong>. O cora\u00e7\u00e3o \u2764\ufe0f do evento ser\u00e1, como sempre, o famoso <strong>Palais des Festivals et des Congr\u00e8s<\/strong>, localizado em <strong>1 Boulevard de la Croisette, 06400 Cannes<\/strong>. Este edif\u00edcio moderno, inaugurado em 1982, \u00e9 enorme com <strong>35.000 m\u00b2 de espa\u00e7o para exposi\u00e7\u00f5es<\/strong> e salas de proje\u00e7\u00e3o ultramodernas. Seus degraus vermelhos, \u201c<strong>As Marcas Vermelhas<\/strong>\u201d (Os Degraus Vermelhos), que conduzem \u00e0 <strong>Grande Teatro Lumi\u00e8re<\/strong>, tornaram-se um s\u00edmbolo ic\u00f4nico do cinema mundial. Voc\u00ea pode encontrar mais detalhes sobre o local no <a href=\"https:\/\/en.palaisdesfestivals.com\/\" target=\"_blank\" rel=\"noopener\">Site oficial do Palais des Festivals<\/a>.<\/p>\n\n\n<style>.kb-image2487_772f4f-b3 .kb-image-has-overlay:after{opacity:0.3;}<\/style>\n<figure class=\"wp-block-kadence-image kb-image2487_772f4f-b3 size-large\"><img loading=\"lazy\" decoding=\"async\" width=\"768\" height=\"1024\" src=\"https:\/\/nicepartylife.com\/wp-content\/uploads\/2026\/05\/IMG_7028-768x1024.webp\" alt=\"Mapa do Festival de Cannes 2026\" class=\"kb-img wp-image-2491\"\/><\/figure>\n\n\n\n<p><strong>Quem veremos em 2026?<\/strong> (Com base em an\u00fancios anteriores, sujeito a altera\u00e7\u00f5es)<\/p>\n\n\n\n<ul class=\"wp-block-list\">\n<li><strong>Presidente do J\u00fari (Competi\u00e7\u00e3o Principal):<\/strong> <strong>Parque Chan-wook<\/strong> \ud83c\uddf0\ud83c\uddf7, aclamado cineasta sul-coreano (Oldboy, Decision to Leave).<\/li>\n\n\n\n<li><strong>Mestre de Cerim\u00f4nias (Abertura e Encerramento):<\/strong> <strong>Olho Ha\u00efdara<\/strong> \ud83c\uddeb\ud83c\uddf7, talentosa atriz francesa.<\/li>\n\n\n\n<li><strong>Palma de Ouro Honor\u00e1ria:<\/strong> <strong>Peter Jackson<\/strong> \ud83c\uddf3\ud83c\uddff (Senhor dos An\u00e9is) e <strong>Barbra Streisand<\/strong> \ud83c\uddfa\ud83c\uddf8 (Nasce uma Estrela, Yentl)!<\/li>\n<\/ul>\n\n\n\n<h2 class=\"wp-block-heading\">Cannes 2026 em resumo \ud83d\ude09<\/h2>\n\n\n\n<figure class=\"wp-block-table\"><table class=\"has-fixed-layout\"><tbody><tr><td><strong>Evento\/Aspecto<\/strong><\/td><td><strong>Detalhes<\/strong><\/td><\/tr><tr><td>\ud83d\uddd3\ufe0f <strong>Datas Oficiais<\/strong><\/td><td>De 12 a 23 de maio de 2026<\/td><\/tr><tr><td>\ud83c\udfc5 <strong>Edi\u00e7\u00e3o<\/strong><\/td><td>79\u00ba<\/td><\/tr><tr><td>\ud83d\udccd <strong>Local principal<\/strong><\/td><td>Palais des Festivals et des Congr\u00e8s, 1 boulevard de la Croisette, Cannes<\/td><\/tr><tr><td>\ud83d\udc69\u200d\u2696\ufe0f <strong>Presidente do J\u00fari<\/strong><\/td><td>Parque Chan-wook<\/td><\/tr><tr><td>\ud83c\udfa4 <strong>Mestre de cerim\u00f4nias<\/strong><\/td><td>Olho Ha\u00efdara<\/td><\/tr><tr><td>\ud83c\udfc6 <strong>Palma de Ouro Honor\u00e1ria<\/strong><\/td><td>Peter Jackson e Barbra Streisand<\/td><\/tr><\/tbody><\/table><\/figure>\n\n\n\n\n<h3 class=\"wp-block-heading\">Lista completa de filmes em competi\u00e7\u00e3o: 21 filmes concorrendo \u00e0 Palma de Ouro \ud83c\udf34<\/h3>\n\n\n\n<p>A competi\u00e7\u00e3o de 2026 apresenta <strong>21 filmes de tr\u00eas continentes<\/strong>, com cinco diretoras e uma forte presen\u00e7a europeia. 65% dos filmes s\u00e3o da Fran\u00e7a, Jap\u00e3o e Espanha.<\/p>\n\n\n\n<figure class=\"wp-block-table is-style-stripes\"><table><thead><tr><th>Filme<\/th><th>Diretor<\/th><th>Pa\u00eds<\/th><\/tr><\/thead><tbody><tr><td><strong>De repente<\/strong><\/td><td>Ryusuke Hamaguchi<\/td><td>Fran\u00e7a, Jap\u00e3o, Alemanha<\/td><\/tr><tr><td><strong>Mais um dia<\/strong><\/td><td>Jeanne Herry<\/td><td>Fran\u00e7a, B\u00e9lgica<\/td><\/tr><tr><td><strong>O Amado<\/strong><\/td><td>Rodrigo Sorogoyen<\/td><td>Espanha, Fran\u00e7a<\/td><\/tr><tr><td><strong>A Festa de Anivers\u00e1rio<\/strong><\/td><td>L\u00e9a Mysius<\/td><td>Fran\u00e7a<\/td><\/tr><tr><td><strong>Natal Amargo<\/strong><\/td><td>Pedro Almod\u00f3var<\/td><td>Espanha<\/td><\/tr><tr><td><strong>A Bola Preta<\/strong><\/td><td>Ambossi e Calvo<\/td><td>Espanha, Fran\u00e7a<\/td><\/tr><tr><td><strong>Covarde<\/strong><\/td><td>Lukas Dhont<\/td><td>B\u00e9lgica, Fran\u00e7a<\/td><\/tr><tr><td><strong>A Aventura dos Sonhos<\/strong><\/td><td>Valeska Grisebach<\/td><td>Alemanha, Fran\u00e7a<\/td><\/tr><tr><td><strong>P\u00e1tria<\/strong><\/td><td>Pawe\u0142 Pawlikowski<\/td><td>Pol\u00f4nia, Reino Unido, Fran\u00e7a<\/td><\/tr><tr><td><strong>Fiorde<\/strong><\/td><td>Cristian Mungiu<\/td><td>Rom\u00eania, Noruega<\/td><\/tr><tr><td><strong>Monstro Gentil<\/strong><\/td><td>Marie Kreutzer<\/td><td>\u00c1ustria, Fran\u00e7a<\/td><\/tr><tr><td><strong>Ter esperan\u00e7a<\/strong><\/td><td>Na Hong-jin<\/td><td>Cor\u00e9ia do Sul<\/td><\/tr><tr><td><strong>Um homem de seu tempo<\/strong><\/td><td>Emmanuel Marre<\/td><td>B\u00e9lgica, Fran\u00e7a<\/td><\/tr><tr><td><strong>O Homem que Eu Amo<\/strong><\/td><td>Ira Sachs<\/td><td>Estados Unidos, Fran\u00e7a<\/td><\/tr><tr><td><strong>Minotauro<\/strong><\/td><td>Andr\u00e9 Zvyagintsev<\/td><td>Fran\u00e7a, Let\u00f4nia<\/td><\/tr><tr><td><strong>Moinho<\/strong><\/td><td>L\u00e1szl\u00f3 Nemes<\/td><td>Fran\u00e7a, Hungria<\/td><\/tr><tr><td><strong>Notas de Nagi<\/strong><\/td><td>Koji Fukada<\/td><td>Jap\u00e3o, Singapura<\/td><\/tr><tr><td><strong>Hist\u00f3rias Paralelas<\/strong><\/td><td>Asghar Farhadi<\/td><td>Fran\u00e7a, EUA, It\u00e1lia<\/td><\/tr><tr><td><strong>Ovelha na Caixa<\/strong><\/td><td>Hirokazu Kore-eda<\/td><td>Jap\u00e3o<\/td><\/tr><tr><td><strong>O Desconhecido<\/strong><\/td><td>Arthur Harari<\/td><td>Fran\u00e7a, B\u00e9lgica<\/td><\/tr><tr><td><strong>A vida de uma mulher<\/strong><\/td><td>Charline Bourgeois-Tacquet<\/td><td>Fran\u00e7a, B\u00e9lgica<\/td><\/tr><\/tbody><\/table><\/figure>\n\n\n\n<h3 class=\"wp-block-heading\">Un Certain Regard: 16 filmes para assistir \ud83d\udd0d<\/h3>\n\n\n\n<p>A se\u00e7\u00e3o Un Certain Regard come\u00e7a com <strong>Sexo e morte na adolesc\u00eancia no acampamento Miasma<\/strong> Por Jane Schoenbrun (EUA). Outros destaques incluem:<\/p>\n\n\n\n<ul class=\"wp-block-list\">\n<li><strong>Todos os Amantes da Noite<\/strong> por Yukiko Sode<\/li>\n<li><strong>Club Kid<\/strong> Por Jordan Firstman<\/li>\n<li><strong>Toda vez<\/strong> Por Sandra Wollner<\/li>\n<li><strong>Eu partirei em junho<\/strong> Por Katharina Rivilis<\/li>\n<li><strong>O colapso<\/strong> Por Manuela Martelli<\/li>\n<li><strong>Morangos<\/strong> Por La\u00efla Marrakchi<\/li>\n<li><strong>Ontem o olho n\u00e3o dormiu<\/strong> Por Rakan Mayasi<\/li>\n<li><strong>Garoto de Ferro<\/strong> Por Louis Clichy<\/li>\n<li><strong>Menino do Congo<\/strong> Por Rafiki Fariala<\/li>\n<li><strong>Elefantes na neblina<\/strong> Por Abinash Bikram Shah<\/li>\n<li><strong>Para sempre seu animal materno<\/strong> Por Valentina Maurel<\/li>\n<li><strong>Ben&#039;Imana<\/strong> Por Cl\u00e9mentine Dusabejambo<\/li>\n<li><strong>Ulya<\/strong> Por Viestur Kairish<\/li>\n<li><strong>Palavras de Amor<\/strong> Por Rudi Rosenberg<\/li>\n<\/ul>\n\n\n\n<h3 class=\"wp-block-heading\">Fora de competi\u00e7\u00e3o, sess\u00f5es da meia-noite e muito mais \ud83c\udf19<\/h3>\n\n\n\n<p>As principais exibi\u00e7\u00f5es fora de competi\u00e7\u00e3o incluem <strong>O inferno particular dela<\/strong> Por Nicolas Winding Refn, <strong>Diamante<\/strong> por Andy Garcia, e <strong>Crescendo<\/strong> por Agn\u00e8s Jaoui. Recurso de exibi\u00e7\u00f5es \u00e0 meia-noite <strong>Carma<\/strong> (Guillaume Canet), <strong>Col\u00f4nia<\/strong> (Yeon Sang-ho), e <strong>Phil completo<\/strong> (Quentin Dupieux).<\/p>\n\n\n\n<p>A se\u00e7\u00e3o Estreias de Cannes inclui <strong>Kokurojo: O Samurai e o Prisioneiro<\/strong> por Kiyoshi Kurosawa e <strong>\u00d4nibus noturno de ida Propeller<\/strong> Dirigido por John Travolta.<\/p>\n\n\n\n<p>As sess\u00f5es especiais incluem document\u00e1rios como <strong>Avedon<\/strong> (Ron Howard), <strong>Cantona<\/strong> (David Tryhorn e Ben Nicholas), e <strong>John Lennon: A \u00daltima Entrevista<\/strong> Por Steven Soderbergh.<\/p>\n\n\n\n<h2 class=\"wp-block-heading\"><strong>\ud83c\udf9e\ufe0f <\/strong>No Cora\u00e7\u00e3o do Cinema: Filmes e Estreias Mundiais<strong> \ud83c\udf0d<\/strong><\/h2>\n\n\n\n<p>A alma do Festival s\u00e3o os seus filmes! <strong>Sele\u00e7\u00e3o Oficial<\/strong> \u00e9 o evento principal, apresentando filmes novos e variados de todo o mundo. Para serem selecionados, os filmes geralmente devem ter sido produzidos no <strong>12 meses antes do festival<\/strong> e n\u00e3o ter sido exibido em nenhum outro lugar internacionalmente.<\/p>\n\n\n\n<p>Aqui est\u00e3o as principais categorias do <strong>Sele\u00e7\u00e3o Oficial<\/strong>:<\/p>\n\n\n\n<ul class=\"wp-block-list\">\n<li><strong>Em competi\u00e7\u00e3o:<\/strong> \ud83c\udfc6 Filmes que competem pelo <strong>Palma de Ouro<\/strong>. Exibido no maior audit\u00f3rio, o <strong>Teatro Lumi\u00e8re<\/strong>.<\/li>\n\n\n\n<li><strong>Un Certain Regard:<\/strong> \u2728 <strong>Original<\/strong> filmes, muitas vezes por <strong>jovens talentos<\/strong> ou com estilos ousados. Exibido no <strong>Sala Debussy<\/strong>.<\/li>\n\n\n\n<li><strong>Fora da competi\u00e7\u00e3o:<\/strong> \ud83c\udfac Grandes exibi\u00e7\u00f5es de gala no <strong>Teatro Lumi\u00e8re<\/strong>, mas n\u00e3o competindo pela Palma de Ouro.<\/li>\n\n\n\n<li><strong>Estreia em Cannes:<\/strong> \ud83c\udf1f Uma nova se\u00e7\u00e3o para filmes de <strong>cineastas consagrados<\/strong>, exibido no <strong>Sala Debussy<\/strong> (fora de competi\u00e7\u00e3o).<\/li>\n\n\n\n<li><strong>Exibi\u00e7\u00f5es da meia-noite:<\/strong> \ud83c\udf19 Filmes de g\u00eanero (terror, suspense) exibidos tarde da noite no <strong>Teatro Lumi\u00e8re<\/strong> (fora de competi\u00e7\u00e3o).<\/li>\n\n\n\n<li><strong>Exibi\u00e7\u00f5es especiais:<\/strong> \ud83c\udf9e\ufe0f Filmes \u00fanicos devido ao seu tema ou formato.<\/li>\n\n\n\n<li><strong>La Cinef (antiga Cin\u00e9fondation):<\/strong> \ud83c\udf93 Filmes de escolas de cinema do mundo todo, para descobrir os talentos do futuro. <strong>Sala Bu\u00f1uel<\/strong>.<\/li>\n\n\n\n<li><strong>Competi\u00e7\u00e3o de Curtas-Metragens:<\/strong> \ud83c\udfa5 Curtas-metragens (menos de 15 min) concorrendo ao pr\u00eamio <strong>Palma de Ouro do curta-metragem<\/strong>. <strong>Salle Bu\u00f1uel e Salle Debussy<\/strong>.<\/li>\n\n\n\n<li><strong>Cl\u00e1ssicos de Cannes:<\/strong> \ud83c\udfdb\ufe0f Filmes cl\u00e1ssicos restaurados e document\u00e1rios sobre a hist\u00f3ria do cinema. <strong>Salle Bu\u00f1uel ou Salle Agn\u00e8s Varda<\/strong>.<\/li>\n\n\n\n<li><strong>Cin\u00e9ma de la Plage (Cinema na Praia):<\/strong> \ud83c\udfd6\ufe0f <strong>LIVRE!<\/strong> Exibi\u00e7\u00f5es ao ar livre em <strong>Praia de Mac\u00e9<\/strong> todas as noites. Aberto a todos!<\/li>\n<\/ul>\n\n\n\n<figure class=\"wp-block-gallery has-nested-images columns-default is-cropped wp-block-gallery-1 is-layout-flex wp-block-gallery-is-layout-flex\">\n<figure class=\"wp-block-image size-large\"><img loading=\"lazy\" decoding=\"async\" width=\"1024\" height=\"768\" data-id=\"2493\" src=\"https:\/\/nicepartylife.com\/wp-content\/uploads\/2026\/05\/IMG_7035-1024x768.webp\" alt=\"cinema de praia cannes\" class=\"wp-image-2493\"\/><\/figure>\n\n\n\n<figure class=\"wp-block-image size-large\"><img loading=\"lazy\" decoding=\"async\" width=\"768\" height=\"1024\" data-id=\"2492\" src=\"https:\/\/nicepartylife.com\/wp-content\/uploads\/2026\/05\/IMG_7033-768x1024.webp\" alt=\"cinema na praia de cannes\" class=\"wp-image-2492\"\/><\/figure>\n<\/figure>\n\n\n\n<p>Existem tamb\u00e9m importantes <strong>se\u00e7\u00f5es paralelas<\/strong>:<\/p>\n\n\n\n<ul class=\"wp-block-list\">\n<li><strong>Quinzena dos Realizadores (Quinzaine des Cin\u00e9astes):<\/strong> Independente, ousado, muitas vezes mais experimental.<\/li>\n\n\n\n<li><strong>Semana da Cr\u00edtica (Semaine de la Critique):<\/strong> Descoberta de novos talentos (primeiro e segundo filmes).<\/li>\n\n\n\n<li><strong>ACID (Associa\u00e7\u00e3o para o Cinema Independente e sua Distribui\u00e7\u00e3o):<\/strong> Promove o cinema independente e auxilia sua distribui\u00e7\u00e3o.<\/li>\n<\/ul>\n\n\n\n<p>Ser selecionado para Cannes j\u00e1 \u00e9 uma vit\u00f3ria para um filme, abrindo portas para ele no mundo todo!<\/p>\n\n\n\n<h2 class=\"wp-block-heading\">O que ver e onde? Se\u00e7\u00f5es do Festival \ud83d\uddfa\ufe0f<\/h2>\n\n\n\n<figure class=\"wp-block-table\"><table class=\"has-fixed-layout\"><tbody><tr><td><strong>Categoria<\/strong><\/td><td><strong>Descri\u00e7\u00e3o<\/strong><\/td><td><strong>Local(is) principal(is)<\/strong><\/td><\/tr><tr><td>\ud83c\udfc6 <strong>Em competi\u00e7\u00e3o<\/strong><\/td><td>Filmes que concorrem \u00e0 Palma de Ouro<\/td><td>Grande Teatro Lumi\u00e8re<\/td><\/tr><tr><td>\u2728 <strong>Un Certain Regard<\/strong><\/td><td>Filmes inovadores, jovens talentos<\/td><td>Sala Debussy<\/td><\/tr><tr><td>\ud83c\udfac <strong>Fora de competi\u00e7\u00e3o<\/strong><\/td><td>Grandes filmes estreando, mas n\u00e3o em competi\u00e7\u00e3o<\/td><td>Grande Teatro Lumi\u00e8re<\/td><\/tr><tr><td>\ud83c\udf1f <strong>Estreia em Cannes<\/strong><\/td><td>Filmes de cineastas importantes<\/td><td>Sala Debussy<\/td><\/tr><tr><td>\ud83c\udf19 <strong>Exibi\u00e7\u00f5es da meia-noite<\/strong><\/td><td>Filmes de g\u00eanero (emo\u00e7\u00f5es garantidas!)<\/td><td>Grande Teatro Lumi\u00e8re<\/td><\/tr><tr><td>\ud83c\udf9e\ufe0f <strong>Exibi\u00e7\u00f5es Especiais<\/strong><\/td><td>Filmes com um car\u00e1ter \u00fanico<\/td><td>V\u00e1rios<\/td><\/tr><tr><td>\ud83c\udf93 <strong>La Cinef<\/strong><\/td><td>Filmes de escolas de cinema<\/td><td>Sala Bu\u00f1uel<\/td><\/tr><tr><td>\ud83c\udfa5 <strong>Curtas-metragens<\/strong><\/td><td>Competi\u00e7\u00e3o de curtas-metragens<\/td><td>Sala Bu\u00f1uel, Sala Debussy<\/td><\/tr><tr><td>\ud83c\udfdb\ufe0f <strong>Cl\u00e1ssicos de Cannes<\/strong><\/td><td>Obras-primas restauradas, document\u00e1rios sobre cinema<\/td><td>Salle Bu\u00f1uel, Salle Agn\u00e8s Varda<\/td><\/tr><tr><td>\ud83c\udf0a <strong>Cinema de la Plage<\/strong><\/td><td><strong>LIVRE<\/strong> Cinema ao ar livre na praia de Mac\u00e9<\/td><td>Praia Mac\u00e9<\/td><\/tr><tr><td>\ud83c\udfac <strong>Quinzena dos Diretores<\/strong><\/td><td>Filmes independentes e ousados<\/td><td>Th\u00e9\u00e2tre du Noga\/Croisette, Cin\u00e9ma des Arcades, Olympia<\/td><\/tr><tr><td>\ud83e\uddd0 <strong>Semana da Cr\u00edtica<\/strong><\/td><td>Primeiro e segundo filmes de novos talentos<\/td><td>Espa\u00e7o Miramar<\/td><\/tr><tr><td>\ud83d\udca1 <strong>\u00c1CIDO<\/strong><\/td><td>Filmes independentes buscam distribui\u00e7\u00e3o<\/td><td>Cin\u00e9ma des Arcades, Palais des Festivals, etc.<\/td><\/tr><\/tbody><\/table><\/figure>\n\n\n\n<h2 class=\"wp-block-heading\"><strong>\ud83c\udfc6 <\/strong>Os Pr\u00eamios: O Santo Graal do Cinema<strong> \ud83c\udfc5<\/strong><\/h2>\n\n\n\n<p>Ganhar um pr\u00eamio em Cannes significa se tornar uma lenda!<\/p>\n\n\n\n<p>A Palma de Ouro \ud83c\udf34 \u00e9 O pr\u00eamio m\u00e1ximo, premiando o melhor filme da competi\u00e7\u00e3o. Ela pode mudar o destino de um filme e de seus criadores.<\/p>\n\n\n\n<p>Outros pr\u00eamios importantes concedidos pelo J\u00fari do Concurso (presidido por <strong>Parque Chan-wook<\/strong> em 2026):<\/p>\n\n\n\n<ul class=\"wp-block-list\">\n<li><strong>Grande Pr\u00eamio:<\/strong> O segundo pr\u00eamio mais prestigioso.<\/li>\n\n\n\n<li><strong>Pr\u00eamio do J\u00fari (Prix du Jury):<\/strong> Recompensa um filme por sua originalidade ou for\u00e7a art\u00edstica.<\/li>\n\n\n\n<li><strong>Melhor Diretor (Prix de la mise en sc\u00e8ne).<\/strong><\/li>\n\n\n\n<li><strong>Melhor Ator (Prix d&#039;interpretpr\u00e9tation masculino).<\/strong><\/li>\n\n\n\n<li><strong>Melhor Atriz (Prix d&#039;interpretpr\u00e9tation f\u00e9minine).<\/strong><\/li>\n\n\n\n<li><strong>Melhor Roteiro (Pr\u00eamio do Cen\u00e1rio).<\/strong><\/li>\n<\/ul>\n\n\n\n<p>Um filme geralmente s\u00f3 pode receber um desses pr\u00eamios (com raras exce\u00e7\u00f5es).<\/p>\n\n\n\n<p>Outros pr\u00eamios not\u00e1veis:<\/p>\n\n\n\n<ul class=\"wp-block-list\">\n<li><strong>Pr\u00eamio Un Certain Regard:<\/strong> Para filmes inovadores nesta se\u00e7\u00e3o.<\/li>\n\n\n\n<li><strong>C\u00e2mera de Ouro:<\/strong> Melhor primeiro longa-metragem em todas as se\u00e7\u00f5es.<\/li>\n\n\n\n<li><strong>Curta-metragem Palma de Ouro.<\/strong><\/li>\n\n\n\n<li><strong>Pr\u00eamios La Cinef:<\/strong> Para filmes de estudantes.<\/li>\n<\/ul>\n\n\n\n<h2 class=\"wp-block-heading\">Trof\u00e9us do Festival de Cannes \ud83c\udf1f<\/h2>\n\n\n\n<figure class=\"wp-block-table\"><table class=\"has-fixed-layout\"><tbody><tr><td><strong>Pr\u00eamio<\/strong><\/td><td><strong>O que ele reconhece<\/strong><\/td><\/tr><tr><td>\ud83c\udf34 <strong>Palma de Ouro<\/strong><\/td><td>Melhor filme da Competi\u00e7\u00e3o (o melhor!)<\/td><\/tr><tr><td>\ud83e\udd48 <strong>Grande Pr\u00eamio<\/strong><\/td><td>Segundo pr\u00eamio mais importante da Competi\u00e7\u00e3o<\/td><\/tr><tr><td>\ud83e\udd49 <strong>Pr\u00eamio do J\u00fari<\/strong><\/td><td>Filme conhecido por sua originalidade\/vis\u00e3o art\u00edstica<\/td><\/tr><tr><td>\ud83c\udfac <strong>Melhor Diretor<\/strong><\/td><td>Melhor diretor em Competi\u00e7\u00e3o<\/td><\/tr><tr><td>\ud83c\udfad <strong>Melhor Ator\/Atriz<\/strong><\/td><td>Melhor ator \/ Melhor atriz em competi\u00e7\u00e3o<\/td><\/tr><tr><td>\u270d\ufe0f <strong>Melhor Roteiro<\/strong><\/td><td>Melhor roteiro da competi\u00e7\u00e3o<\/td><\/tr><tr><td>\u2728 <strong>Pr\u00eamio Un Certain Regard<\/strong><\/td><td>Filme inovador da mostra Un Certain Regard<\/td><\/tr><tr><td>\ud83c\udfa5 <strong>C\u00e2mera de Ouro<\/strong><\/td><td>Melhor primeiro filme (todas as se\u00e7\u00f5es)<\/td><\/tr><tr><td>\ud83c\udf9e\ufe0f <strong>Palma de Ouro do curta-metragem<\/strong><\/td><td>Melhor curta-metragem<\/td><\/tr><\/tbody><\/table><\/figure>\n\n\n\n<h2 class=\"wp-block-heading\"><strong>\ud83c\udf89 <\/strong>A experi\u00eancia de Cannes: mais do que apenas filmes!<strong> \ud83d\udeb6\u200d\u2640\ufe0f\ud83d\udeb6\u200d\u2642\ufe0f<\/strong><\/h2>\n\n\n\n<p>Viver Cannes \u00e9 viver uma atmosfera \u00fanica!<\/p>\n\n\n\n<ul class=\"wp-block-list\">\n<li><strong>O ic\u00f4nico tapete vermelho (Les Marches Rouges):<\/strong> \ud83d\udcf8 O espet\u00e1culo mais fotografado do mundo! \u00c9 aqui que as estrelas entram para as exibi\u00e7\u00f5es de gala no <strong>Grande Teatro Lumi\u00e8re<\/strong>.<\/li>\n<\/ul>\n\n\n\n<ul class=\"wp-block-list\">\n<li><strong>C\u00f3digo de vestimenta rigoroso para galas:<\/strong> <strong>Smoking e gravata borboleta<\/strong> para homens, <strong>vestido de noite ou vestido de coquetel chique<\/strong> Para mulheres. Nada de t\u00eanis!<\/li>\n\n\n\n<li><strong>Vendo as estrelas:<\/strong> <strong>\u00c1reas de visualiza\u00e7\u00e3o p\u00fablica<\/strong> costumam ficar perto do Palais para assistir \u00e0 chegada do tapete vermelho. Chegue cedo!<\/li>\n<\/ul>\n\n\n\n<ul class=\"wp-block-list\">\n<li><strong>Exibi\u00e7\u00f5es de Gala:<\/strong> \ud83c\udf1f Apresenta\u00e7\u00f5es de estreia mundial com as equipes de filmagem, todas as noites no <strong>Grande Teatro Lumi\u00e8re<\/strong> (por volta das 19h30 e 22h30).<\/li>\n\n\n\n<li><strong>Masterclasses, perguntas e respostas, workshops:<\/strong> \ud83d\udde3\ufe0f Momentos especiais para ouvir e interagir com grandes nomes do cinema. <strong>Peter Jackson e Barbra Streisand<\/strong> dar\u00e1 um em 2026! O <strong>Mercado do Filme<\/strong> (Film Market) tamb\u00e9m oferece muitas confer\u00eancias.<\/li>\n\n\n\n<li><strong>Cin\u00e9ma de la Plage (Cinema na Praia):<\/strong> \ud83c\udfd6\ufe0f\ud83c\udfac <strong>ACESSO GRATUITO!<\/strong> Todas as noites, por volta das 21h30, s\u00e3o exibidos filmes ao ar livre <strong>Praia de Mac\u00e9<\/strong>. Uma atmosfera \u00f3tima e amig\u00e1vel sob as estrelas!<\/li>\n\n\n\n<li><strong>O March\u00e9 du Film (Mercado de Cinema):<\/strong> \ud83d\udcbc O lado comercial do festival. \u00c9 aqui que os direitos dos filmes s\u00e3o comprados e vendidos. Menos vis\u00edvel para o p\u00fablico em geral, mas essencial para a ind\u00fastria.<\/li>\n\n\n\n<li><strong>La Croisette Zumbindo:<\/strong> \u2728 O famoso <strong>Boulevard de la Croisette<\/strong> torna-se o centro do mundo. Boutiques de luxo, hot\u00e9is lend\u00e1rios (<strong>Martinez, Majestic, Carlton<\/strong>), estrelas, festas\u2026 A atmosfera \u00e9 eletrizante! Mesmo sem ingresso, passear por La Croisette durante o festival \u00e9 uma experi\u00eancia \u00fanica.<\/li>\n<\/ul>\n\n\n\n<h2 class=\"wp-block-heading\">Como acessar e aproveitar o Festival? \ud83e\udd14\ud83c\udf9f\ufe0f<\/h2>\n\n\n\n<ul class=\"wp-block-list\">\n<li><strong>Acredita\u00e7\u00f5es:<\/strong> Principalmente para <strong>profissionais da ind\u00fastria cinematogr\u00e1fica<\/strong>. No entanto, existe a <strong>\u201c3 dias em Cannes\u201d<\/strong> programa para <strong>jovens amantes do cinema (18-28 anos)<\/strong>, oferecendo acesso \u00e0s exibi\u00e7\u00f5es da Sele\u00e7\u00e3o Oficial. Confira a <a href=\"https:\/\/www.festival-cannes.com\/en\/\" target=\"_blank\" rel=\"noopener\">Site oficial do festival<\/a> para detalhes de acredita\u00e7\u00e3o.<\/li>\n\n\n\n<li><strong>Bilheteria Online:<\/strong> Para os participantes credenciados, os ingressos para as exibi\u00e7\u00f5es s\u00e3o <strong>livre<\/strong> e reservado on-line.<\/li>\n\n\n\n<li><strong>Acesso de \u00faltima hora:<\/strong> Se voc\u00ea tem um crach\u00e1 (mesmo \u201c3 Dias em Cannes\u201d), mas n\u00e3o tem ingresso para uma exibi\u00e7\u00e3o, tente a sorte no <strong>filas de \u00faltima hora<\/strong>! Muitos espectadores ficam nesse caminho.<\/li>\n\n\n\n<li><strong>Como se locomover:<\/strong><\/li>\n<\/ul>\n\n\n\n<ul class=\"wp-block-list\">\n<li>Para o <strong>Cinema<\/strong> (outro local de exibi\u00e7\u00e3o): O <strong>Linha de \u00f4nibus Palm Express A<\/strong> ter\u00e1 frequ\u00eancia aumentada. A viagem \u00e9 <strong>gr\u00e1tis para os frequentadores do festival<\/strong> mediante apresenta\u00e7\u00e3o de um c\u00f3digo QR para download.<\/li>\n\n\n\n<li>O <strong>Pal\u00e1cio dos Festivais<\/strong> \u00e9 central e acess\u00edvel a p\u00e9 de muitas partes de Cannes.<\/li>\n\n\n\n<li><strong>Principais locais de exibi\u00e7\u00e3o no Palais des Festivals:<\/strong><\/li>\n<\/ul>\n\n\n\n<ul class=\"wp-block-list\">\n<li><strong>Grande Teatro Lumi\u00e8re:<\/strong> Competi\u00e7\u00e3o, Fora de Competi\u00e7\u00e3o, Sess\u00f5es da Meia-Noite. Acesso via <strong>Degraus Vermelhos<\/strong>.<\/li>\n\n\n\n<li><strong>Sala Debussy:<\/strong> Un Certain Regard, estreia em Cannes, curtas-metragens, masterclasses. Acesso atrav\u00e9s do <strong>Passos de Debussy<\/strong>.<\/li>\n\n\n\n<li><strong>Sala Agn\u00e8s Varda:<\/strong> Reprises da Sele\u00e7\u00e3o Oficial, Sess\u00f5es Especiais. Acesso via <strong>Telhado Riviera<\/strong>.<\/li>\n\n\n\n<li><strong>Sala Bu\u00f1uel:<\/strong> Cl\u00e1ssicos de Cannes, La Cinef, Masterclasses. Acesso via <strong>entrada principal do Pal\u00e1cio, n\u00edvel 5<\/strong>.<\/li>\n\n\n\n<li><strong>Sala Bazin:<\/strong> Reprises da Sele\u00e7\u00e3o Oficial. Acesso via <strong>entrada principal do Pal\u00e1cio, n\u00edvel 3<\/strong>.<\/li>\n<\/ul>\n\n\n\n<h2 class=\"wp-block-heading\"><strong>\ud83d\udcdc <\/strong>Um legado cinematogr\u00e1fico global<strong> \ud83c\udf0d<\/strong><\/h2>\n\n\n\n<p>O Festival de Cinema de Cannes tem uma hist\u00f3ria rica! Criado em 1946 (ap\u00f3s uma primeira tentativa frustrada em 1939 devido \u00e0 guerra), seu objetivo era celebrar a arte do cinema, livre de press\u00f5es pol\u00edticas.<\/p>\n\n\n\n<p>Revelou movimentos como o neorrealismo italiano e a Nouvelle Vague francesa. A Palma de Ouro foi criada em 1955. Os eventos de maio de 68 na Fran\u00e7a chegaram a interromper o festival e levaram \u00e0 cria\u00e7\u00e3o da Quinzena dos Realizadores, mais independente.<\/p>\n\n\n\n<p>Cannes lan\u00e7ou filmes cult que ganharam Oscars, como \u201c<strong>Parasita<\/strong>&quot; ou &quot;<strong>Anora<\/strong>\u201c. O festival \u00e9 um trampolim incr\u00edvel para cineastas de todo o mundo, especialmente para <strong>cinema de autor<\/strong>. Ela influencia tend\u00eancias, distribui\u00e7\u00e3o de filmes e at\u00e9 mesmo moda!<\/p>\n\n\n\n<h2 class=\"wp-block-heading\"><strong>\ud83e\udd42 <\/strong>As cerim\u00f4nias de abertura e encerramento<strong> \ud83c\udf89<\/strong><\/h2>\n\n\n\n<p>Estes s\u00e3o os momentos mais glamorosos, transmitidos para o mundo todo! Eles marcam o in\u00edcio e o fim do festival com pompa e emo\u00e7\u00e3o.<\/p>\n\n\n\n<p>Em 2026, o ator franc\u00eas Eye Ha\u00efdara ser\u00e1 o mestre de cerim\u00f4nias.<\/p>\n\n\n\n<ul class=\"wp-block-list\">\n<li><strong>Cerim\u00f4nia de abertura (ter\u00e7a-feira, 12 de maio de 2026):<\/strong> \ud83c\udf8a<\/li>\n<\/ul>\n\n\n\n<ul class=\"wp-block-list\">\n<li>Apresenta\u00e7\u00e3o do J\u00fari.<\/li>\n\n\n\n<li>Premia\u00e7\u00e3o do <strong>Palma de Ouro honor\u00e1ria para Peter Jackson e Barbra Streisand<\/strong>.<\/li>\n\n\n\n<li>Estreia mundial do filme de abertura: \u201c<strong>O Beijo El\u00e9trico<\/strong>\u201d&quot;(Venus Electrificata) de Pierre Salvadori (Fora de Competi\u00e7\u00e3o).<\/li>\n\n\n\n<li>Come\u00e7a por volta de <strong>19h15<\/strong>.<\/li>\n\n\n\n<li><strong>Cerim\u00f4nia de Encerramento (s\u00e1bado, 23 de maio de 2026):<\/strong> \ud83c\udfc6<\/li>\n<\/ul>\n\n\n\n<ul class=\"wp-block-list\">\n<li>An\u00fancio dos pr\u00eamios pelo Presidente do J\u00fari, <strong>Parque Chan-wook<\/strong>, incluindo o t\u00e3o aguardado <strong>Palma de Ouro<\/strong>!<\/li>\n\n\n\n<li>Discursos dos laureados.<\/li>\n\n\n\n<li>Muitas vezes, exibi\u00e7\u00e3o de um filme de encerramento.<\/li>\n<\/ul>\n\n\n\n<p>Essas cerim\u00f4nias tamb\u00e9m s\u00e3o, \u00e0s vezes, uma oportunidade para os artistas transmitirem mensagens importantes.<\/p>\n\n\n\n<h2 class=\"wp-block-heading\"><strong>\u2600\ufe0f <\/strong>Explore a Riviera: mais do que o festival!<strong> \ud83d\ude97\ud83c\udfde\ufe0f<\/strong><\/h2>\n\n\n\n<p>Aproveite que est\u00e1 na <strong>Costa Azul<\/strong> para descobrir suas maravilhas! Cannes \u00e9 um ponto de partida ideal. Para informa\u00e7\u00f5es tur\u00edsticas sobre Cannes e a regi\u00e3o, visite o <a href=\"https:\/\/en.cannes-france.com\/\" target=\"_blank\" rel=\"noopener\">Site do Posto de Turismo de Cannes<\/a>.<\/p>\n\n\n\n<p><strong>Como chegar a Cannes saindo de Nice?<\/strong> Confira nosso guia completo: <a href=\"\/pt\/que-bom-ir-para-cannes\/\">De Nice a Cannes: Compara\u00e7\u00e3o de todas as op\u00e7\u00f5es de transporte<\/a> Com pre\u00e7os, tempos de viagem e dicas para o Festival de Cinema.<\/p>\n\n\n\n\n\n<p><strong>Ideias para passeios de um dia saindo de Cannes:<\/strong><\/p>\n\n\n\n<figure class=\"wp-block-table\"><table class=\"has-fixed-layout\"><tbody><tr><td><strong>Destino<\/strong><\/td><td><strong>Por que ir?<\/strong><\/td><\/tr><tr><td>\ud83c\udfd6\ufe0f <strong>Bonito<\/strong><\/td><td><strong>Promenade des Anglais<\/strong>, Museus de Nice Antiga, Matisse e Chagall.<\/td><\/tr><tr><td>\ud83c\udff0 <strong>Antibes<\/strong><\/td><td>Cidade velha encantadora, muralhas, <strong>Museu Picasso<\/strong>.<\/td><\/tr><tr><td>\ud83c\udf39 <strong>Grasse<\/strong><\/td><td><strong>Capital mundial do perfume<\/strong>! Visite perfumarias (Fragonard, Galimard).<\/td><\/tr><tr><td>\ud83c\udfb0 <strong>M\u00f3naco<\/strong><\/td><td>Glamour, <strong>Cassino de Monte Carlo<\/strong>, Pal\u00e1cio do Pr\u00edncipe.<\/td><\/tr><tr><td>\u26f0\ufe0f <strong>\u00c8ze<\/strong><\/td><td>Vila medieval empoleirada, vistas incr\u00edveis, <strong>Jardim Ex\u00f3tico<\/strong>.<\/td><\/tr><tr><td>\ud83c\udfa8 <strong>S\u00e3o Paulo de Vence<\/strong><\/td><td>Vila de artistas, galerias, <strong>Funda\u00e7\u00e3o Maeght<\/strong>.<\/td><\/tr><\/tbody><\/table><\/figure>\n\n\n\n<p><strong>Experimente os sabores locais!<\/strong> \ud83d\ude0b <strong>Cozinha proven\u00e7al<\/strong> \u00e9 uma del\u00edcia: azeite, ervas, frutos do mar\u2026<\/p>\n\n\n\n<ul class=\"wp-block-list\">\n<li><strong><em>Soca:<\/em><\/strong> Panqueca de gr\u00e3o-de-bico fina e crocante. Uma del\u00edcia!<\/li>\n\n\n\n<li><strong><em>Pissaladi\u00e8re:<\/em><\/strong> Torta com cebolas caramelizadas, anchovas e azeitonas.<\/li>\n\n\n\n<li><strong><em>Salada Ni\u00e7oise:<\/em><\/strong> Atum, vegetais frescos, ovos, anchovas\u2026 um cl\u00e1ssico.<\/li>\n\n\n\n<li><strong><em>Ratatouille:<\/em><\/strong> Ensopado de legumes expostos ao sol.<\/li>\n\n\n\n<li><strong><em>Fleurs de Courgettes Farcies\/Beignets (flores de abobrinha recheadas\/fritas):<\/em><\/strong> Uma especialidade local.<\/li>\n\n\n\n<li><strong><em>Tapenade:<\/em><\/strong> Pasta de azeitonas, alcaparras e anchovas. Perfeita com p\u00e3o fresco.<\/li>\n\n\n\n<li><strong><em>Vinho Ros\u00e9 da Proven\u00e7a:<\/em><\/strong> Leve e refrescante, ideal para acompanhar a culin\u00e1ria local!<\/li>\n<\/ul>\n\n\n\n<p>O <strong>Mercado de Forville<\/strong> em Cannes \u00e9 parada obrigat\u00f3ria para quem procura produtos frescos.<\/p>\n\n\n\n\n\n<h3 class=\"wp-block-heading\">Vai ficar em Nice durante o Festival? \ud83c\udfd6\ufe0f<\/h3>\n\n\n\n<p>Nice fica a apenas 30 minutos de trem de Cannes e \u00e9 uma base perfeita durante o festival. Os hot\u00e9is s\u00e3o mais baratos, a vida noturna \u00e9 melhor e voc\u00ea aproveita o melhor dos dois mundos. Aqui est\u00e3o nossos principais guias:<\/p>\n\n\n\n<ul class=\"wp-block-list\">\n<li><a href=\"\/pt\/melhores-restaurantes-em-nice\/\">Melhores restaurantes em Nice<\/a> para jantar depois das exibi\u00e7\u00f5es<\/li>\n<li><a href=\"\/pt\/boate-nice-franca\/\">Melhores casas noturnas em Nice<\/a> para festas p\u00f3s-festa<\/li>\n<li><a href=\"\/pt\/melhores-praias-de-nice-franca\/\">Melhores praias em Nice<\/a> para relaxar durante o dia<\/li>\n<li><a href=\"\/pt\/como-ir-do-aeroporto-de-nice-ao-centro-da-cidade\/\">Do aeroporto de Nice ao centro da cidade<\/a> guia de transporte<\/li>\n<li><a href=\"\/pt\/melhores-lugares-para-ficar-na-bela-franca\/\">Melhores lugares para se hospedar em Nice<\/a> por bairro<\/li>\n<li><a href=\"\/pt\/aluguel-de-barcos-na-riviera-francesa\/\">Aluguel de barcos na Riviera<\/a> para uma experi\u00eancia de luxo entre as sess\u00f5es de cinema<\/li>\n<\/ul>\n\n\n\n<div style=\"background:linear-gradient(135deg,rgba(142,68,173,0.06),rgba(52,152,219,0.06));border-radius:16px;padding:28px 32px;margin:32px 0;display:flex;align-items:center;justify-content:space-between;flex-wrap:wrap;gap:16px;\">\n  <div>\n    <p style=\"font-size:1.1rem;font-weight:700;color:#1a1a2e;margin:0 0 4px;\">Deseja alugar um barco particular para ir de Nice a Cannes durante o Festival?<\/p>\n    <p style=\"font-size:0.9rem;color:#666;margin:0;\">Chegue com estilo. Evite o tr\u00e2nsito. Solicite um or\u00e7amento gratuito.<\/p>\n  <\/div>\n  <a href=\"\/pt\/aluguel-de-barcos-na-riviera-francesa\/\" style=\"display:inline-block;padding:12px 28px;background:linear-gradient(135deg,#8e44ad,#3498db);color:#fff;font-size:14px;font-weight:700;border-radius:50px;text-decoration:none;\">Veja Experi\u00eancias de Barco<\/a>\n<\/div>\n\n\n\n<h2 class=\"wp-block-heading\"><strong>\ud83e\udd14 <\/strong>FAQ: Perguntas frequentes dos turistas<\/h2>\n\n\n<style>.kt-accordion-id2487_b86e43-65 .kt-accordion-inner-wrap{column-gap:var(--global-kb-gap-md, 2rem);row-gap:8px;}.kt-accordion-id2487_b86e43-65 .kt-accordion-panel-inner{border-top:0px solid transparent;border-right:0px solid transparent;border-bottom:0px solid transparent;border-left:0px solid transparent;background:#ffffff;padding-top:var(--global-kb-spacing-sm, 1.5rem);padding-right:var(--global-kb-spacing-sm, 1.5rem);padding-bottom:var(--global-kb-spacing-sm, 1.5rem);padding-left:var(--global-kb-spacing-sm, 1.5rem);}.kt-accordion-id2487_b86e43-65 > .kt-accordion-inner-wrap > .wp-block-kadence-pane > .kt-accordion-header-wrap > .kt-blocks-accordion-header{border-top:0px solid #f2f2f2;border-right:0px solid #f2f2f2;border-bottom:4px solid #f2f2f2;border-left:0px solid #f2f2f2;border-top-left-radius:0px;border-top-right-radius:0px;border-bottom-right-radius:0px;border-bottom-left-radius:0px;background:#ffffff;color:#444444;padding-top:14px;padding-right:10px;padding-bottom:6px;padding-left:16px;}.kt-accordion-id2487_b86e43-65:not( .kt-accodion-icon-style-basiccircle ):not( .kt-accodion-icon-style-xclosecircle ):not( .kt-accodion-icon-style-arrowcircle )  > .kt-accordion-inner-wrap > .wp-block-kadence-pane > .kt-accordion-header-wrap .kt-blocks-accordion-icon-trigger:after, .kt-accordion-id2487_b86e43-65:not( .kt-accodion-icon-style-basiccircle ):not( .kt-accodion-icon-style-xclosecircle ):not( .kt-accodion-icon-style-arrowcircle )  > .kt-accordion-inner-wrap > .wp-block-kadence-pane > .kt-accordion-header-wrap .kt-blocks-accordion-icon-trigger:before{background:#444444;}.kt-accordion-id2487_b86e43-65:not( .kt-accodion-icon-style-basic ):not( .kt-accodion-icon-style-xclose ):not( .kt-accodion-icon-style-arrow ) .kt-blocks-accordion-icon-trigger{background:#444444;}.kt-accordion-id2487_b86e43-65:not( .kt-accodion-icon-style-basic ):not( .kt-accodion-icon-style-xclose ):not( .kt-accodion-icon-style-arrow ) .kt-blocks-accordion-icon-trigger:after, .kt-accordion-id2487_b86e43-65:not( .kt-accodion-icon-style-basic ):not( .kt-accodion-icon-style-xclose ):not( .kt-accodion-icon-style-arrow ) .kt-blocks-accordion-icon-trigger:before{background:#ffffff;}.kt-accordion-id2487_b86e43-65 > .kt-accordion-inner-wrap > .wp-block-kadence-pane > .kt-accordion-header-wrap > .kt-blocks-accordion-header:hover, \n\t\t\t\tbody:not(.hide-focus-outline) .kt-accordion-id2487_b86e43-65 .kt-blocks-accordion-header:focus-visible{color:#444444;background:#ffffff;border-top-color:#eeeeee;border-top-style:solid;border-right-color:#eeeeee;border-right-style:solid;border-bottom-color:#eeeeee;border-bottom-style:solid;border-left-color:#eeeeee;border-left-style:solid;}.kt-accordion-id2487_b86e43-65:not( .kt-accodion-icon-style-basiccircle ):not( .kt-accodion-icon-style-xclosecircle ):not( .kt-accodion-icon-style-arrowcircle ) .kt-accordion-header-wrap .kt-blocks-accordion-header:hover .kt-blocks-accordion-icon-trigger:after, .kt-accordion-id2487_b86e43-65:not( .kt-accodion-icon-style-basiccircle ):not( .kt-accodion-icon-style-xclosecircle ):not( .kt-accodion-icon-style-arrowcircle ) .kt-accordion-header-wrap .kt-blocks-accordion-header:hover .kt-blocks-accordion-icon-trigger:before, body:not(.hide-focus-outline) .kt-accordion-id2487_b86e43-65:not( .kt-accodion-icon-style-basiccircle ):not( .kt-accodion-icon-style-xclosecircle ):not( .kt-accodion-icon-style-arrowcircle ) .kt-blocks-accordion--visible .kt-blocks-accordion-icon-trigger:after, body:not(.hide-focus-outline) .kt-accordion-id2487_b86e43-65:not( .kt-accodion-icon-style-basiccircle ):not( .kt-accodion-icon-style-xclosecircle ):not( .kt-accodion-icon-style-arrowcircle ) .kt-blocks-accordion-header:focus-visible .kt-blocks-accordion-icon-trigger:before{background:#444444;}.kt-accordion-id2487_b86e43-65:not( .kt-accodion-icon-style-basic ):not( .kt-accodion-icon-style-xclose ):not( .kt-accodion-icon-style-arrow ) .kt-accordion-header-wrap .kt-blocks-accordion-header:hover .kt-blocks-accordion-icon-trigger, body:not(.hide-focus-outline) .kt-accordion-id2487_b86e43-65:not( .kt-accodion-icon-style-basic ):not( .kt-accodion-icon-style-xclose ):not( .kt-accodion-icon-style-arrow ) .kt-accordion-header-wrap .kt-blocks-accordion-header:focus-visible .kt-blocks-accordion-icon-trigger{background:#444444;}.kt-accordion-id2487_b86e43-65:not( .kt-accodion-icon-style-basic ):not( .kt-accodion-icon-style-xclose ):not( .kt-accodion-icon-style-arrow ) .kt-accordion-header-wrap .kt-blocks-accordion-header:hover .kt-blocks-accordion-icon-trigger:after, .kt-accordion-id2487_b86e43-65:not( .kt-accodion-icon-style-basic ):not( .kt-accodion-icon-style-xclose ):not( .kt-accodion-icon-style-arrow ) .kt-accordion-header-wrap .kt-blocks-accordion-header:hover .kt-blocks-accordion-icon-trigger:before, body:not(.hide-focus-outline) .kt-accordion-id2487_b86e43-65:not( .kt-accodion-icon-style-basic ):not( .kt-accodion-icon-style-xclose ):not( .kt-accodion-icon-style-arrow ) .kt-accordion-header-wrap .kt-blocks-accordion-header:focus-visible .kt-blocks-accordion-icon-trigger:after, body:not(.hide-focus-outline) .kt-accordion-id2487_b86e43-65:not( .kt-accodion-icon-style-basic ):not( .kt-accodion-icon-style-xclose ):not( .kt-accodion-icon-style-arrow ) .kt-accordion-header-wrap .kt-blocks-accordion-header:focus-visible .kt-blocks-accordion-icon-trigger:before{background:#ffffff;}.kt-accordion-id2487_b86e43-65 .kt-accordion-header-wrap .kt-blocks-accordion-header:focus-visible,\n\t\t\t\t.kt-accordion-id2487_b86e43-65 > .kt-accordion-inner-wrap > .wp-block-kadence-pane > .kt-accordion-header-wrap > .kt-blocks-accordion-header.kt-accordion-panel-active{color:#333333;background:#ffffff;border-top-color:#0e9cd1;border-top-style:solid;border-right-color:#0e9cd1;border-right-style:solid;border-bottom-color:#0e9cd1;border-bottom-style:solid;border-left-color:#0e9cd1;border-left-style:solid;}.kt-accordion-id2487_b86e43-65:not( .kt-accodion-icon-style-basiccircle ):not( .kt-accodion-icon-style-xclosecircle ):not( .kt-accodion-icon-style-arrowcircle )  > .kt-accordion-inner-wrap > .wp-block-kadence-pane > .kt-accordion-header-wrap > .kt-blocks-accordion-header.kt-accordion-panel-active .kt-blocks-accordion-icon-trigger:after, .kt-accordion-id2487_b86e43-65:not( .kt-accodion-icon-style-basiccircle ):not( .kt-accodion-icon-style-xclosecircle ):not( .kt-accodion-icon-style-arrowcircle )  > .kt-accordion-inner-wrap > .wp-block-kadence-pane > .kt-accordion-header-wrap > .kt-blocks-accordion-header.kt-accordion-panel-active .kt-blocks-accordion-icon-trigger:before{background:#333333;}.kt-accordion-id2487_b86e43-65:not( .kt-accodion-icon-style-basic ):not( .kt-accodion-icon-style-xclose ):not( .kt-accodion-icon-style-arrow ) .kt-blocks-accordion-header.kt-accordion-panel-active .kt-blocks-accordion-icon-trigger{background:#333333;}.kt-accordion-id2487_b86e43-65:not( .kt-accodion-icon-style-basic ):not( .kt-accodion-icon-style-xclose ):not( .kt-accodion-icon-style-arrow ) .kt-blocks-accordion-header.kt-accordion-panel-active .kt-blocks-accordion-icon-trigger:after, .kt-accordion-id2487_b86e43-65:not( .kt-accodion-icon-style-basic ):not( .kt-accodion-icon-style-xclose ):not( .kt-accodion-icon-style-arrow ) .kt-blocks-accordion-header.kt-accordion-panel-active .kt-blocks-accordion-icon-trigger:before{background:#ffffff;}@media all and (max-width: 1024px){.kt-accordion-id2487_b86e43-65 .kt-accordion-panel-inner{border-top:0px solid transparent;border-right:0px solid transparent;border-bottom:0px solid transparent;border-left:0px solid transparent;}}@media all and (max-width: 1024px){.kt-accordion-id2487_b86e43-65 > .kt-accordion-inner-wrap > .wp-block-kadence-pane > .kt-accordion-header-wrap > .kt-blocks-accordion-header{border-top:0px solid #f2f2f2;border-right:0px solid #f2f2f2;border-bottom:4px solid #f2f2f2;border-left:0px solid #f2f2f2;}}@media all and (max-width: 1024px){.kt-accordion-id2487_b86e43-65 > .kt-accordion-inner-wrap > .wp-block-kadence-pane > .kt-accordion-header-wrap > .kt-blocks-accordion-header:hover, \n\t\t\t\tbody:not(.hide-focus-outline) .kt-accordion-id2487_b86e43-65 .kt-blocks-accordion-header:focus-visible{border-top-color:#eeeeee;border-top-style:solid;border-right-color:#eeeeee;border-right-style:solid;border-bottom-color:#eeeeee;border-bottom-style:solid;border-left-color:#eeeeee;border-left-style:solid;}}@media all and (max-width: 1024px){.kt-accordion-id2487_b86e43-65 .kt-accordion-header-wrap .kt-blocks-accordion-header:focus-visible,\n\t\t\t\t.kt-accordion-id2487_b86e43-65 > .kt-accordion-inner-wrap > .wp-block-kadence-pane > .kt-accordion-header-wrap > .kt-blocks-accordion-header.kt-accordion-panel-active{border-top-color:#0e9cd1;border-top-style:solid;border-right-color:#0e9cd1;border-right-style:solid;border-bottom-color:#0e9cd1;border-bottom-style:solid;border-left-color:#0e9cd1;border-left-style:solid;}}@media all and (max-width: 767px){.kt-accordion-id2487_b86e43-65 .kt-accordion-inner-wrap{display:block;}.kt-accordion-id2487_b86e43-65 .kt-accordion-inner-wrap .kt-accordion-pane:not(:first-child){margin-top:8px;}.kt-accordion-id2487_b86e43-65 .kt-accordion-panel-inner{border-top:0px solid transparent;border-right:0px solid transparent;border-bottom:0px solid transparent;border-left:0px solid transparent;}.kt-accordion-id2487_b86e43-65 > .kt-accordion-inner-wrap > .wp-block-kadence-pane > .kt-accordion-header-wrap > .kt-blocks-accordion-header{border-top:0px solid #f2f2f2;border-right:0px solid #f2f2f2;border-bottom:4px solid #f2f2f2;border-left:0px solid #f2f2f2;}.kt-accordion-id2487_b86e43-65 > .kt-accordion-inner-wrap > .wp-block-kadence-pane > .kt-accordion-header-wrap > .kt-blocks-accordion-header:hover, \n\t\t\t\tbody:not(.hide-focus-outline) .kt-accordion-id2487_b86e43-65 .kt-blocks-accordion-header:focus-visible{border-top-color:#eeeeee;border-top-style:solid;border-right-color:#eeeeee;border-right-style:solid;border-bottom-color:#eeeeee;border-bottom-style:solid;border-left-color:#eeeeee;border-left-style:solid;}.kt-accordion-id2487_b86e43-65 .kt-accordion-header-wrap .kt-blocks-accordion-header:focus-visible,\n\t\t\t\t.kt-accordion-id2487_b86e43-65 > .kt-accordion-inner-wrap > .wp-block-kadence-pane > .kt-accordion-header-wrap > .kt-blocks-accordion-header.kt-accordion-panel-active{border-top-color:#0e9cd1;border-top-style:solid;border-right-color:#0e9cd1;border-right-style:solid;border-bottom-color:#0e9cd1;border-bottom-style:solid;border-left-color:#0e9cd1;border-left-style:solid;}}<\/style>\n<div class=\"wp-block-kadence-accordion alignnone\"><div class=\"kt-accordion-wrap kt-accordion-id2487_b86e43-65 kt-accordion-has-9-panes kt-active-pane-0 kt-accordion-block kt-pane-header-alignment-left kt-accodion-icon-style-none kt-accodion-icon-side-right\" style=\"max-width:none\"><div class=\"kt-accordion-inner-wrap\" data-allow-multiple-open=\"false\" data-start-open=\"0\">\n<div class=\"wp-block-kadence-pane kt-accordion-pane kt-accordion-pane-1 kt-pane2487_501033-48\"><h2 class=\"kt-accordion-header-wrap\"><button class=\"kt-blocks-accordion-header kt-acccordion-button-label-show\" type=\"button\"><span class=\"kt-blocks-accordion-title-wrap\"><span class=\"kt-blocks-accordion-title\">Posso ir ao Festival de Cinema de Cannes se n\u00e3o for um profissional de cinema?<\/span><\/span><span class=\"kt-blocks-accordion-icon-trigger\"><\/span><\/button><\/h2><div class=\"kt-accordion-panel kt-accordion-panel-hidden\"><div class=\"kt-accordion-panel-inner\">\n<p>O acesso principal ao Festival (Palais des Festivals, maioria das exibi\u00e7\u00f5es) \u00e9 reservado para <strong>profissionais credenciados<\/strong>. No entanto, o <strong>\u201c3 dias em Cannes\u201d<\/strong> existe programa para <strong>jovens amantes do cinema com idades entre 18 e 28 anos<\/strong>. Al\u00e9m disso, todos podem aproveitar a atmosfera do <strong>A Croisette<\/strong>, comparecer ao <strong>exibi\u00e7\u00f5es gratuitas no Cin\u00e9ma de la Plage<\/strong>, e tentar localizar estrelas durante o <strong>chegadas no tapete vermelho<\/strong> de \u00e1reas p\u00fablicas. Verifique o <a href=\"https:\/\/www.festival-cannes.com\/en\/\" target=\"_blank\" rel=\"noopener\">Site oficial do festival<\/a> para mais detalhes.<\/p>\n<\/div><\/div><\/div>\n\n\n\n<div class=\"wp-block-kadence-pane kt-accordion-pane kt-accordion-pane-2 kt-pane2487_644796-d0\"><h2 class=\"kt-accordion-header-wrap\"><button class=\"kt-blocks-accordion-header kt-acccordion-button-label-show\" type=\"button\"><span class=\"kt-blocks-accordion-title-wrap\"><span class=\"kt-blocks-accordion-title\">Como posso obter ingressos para as exibi\u00e7\u00f5es?<\/span><\/span><span class=\"kt-blocks-accordion-icon-trigger\"><\/span><\/button><\/h2><div class=\"kt-accordion-panel kt-accordion-panel-hidden\"><div class=\"kt-accordion-panel-inner\">\n<p>Para pessoas credenciadas, os ingressos s\u00e3o <strong>livre<\/strong> e reservado atrav\u00e9s de um funcion\u00e1rio <strong>bilheteria online<\/strong>. N\u00e3o haver\u00e1 venda p\u00fablica de ingressos para as sess\u00f5es oficiais dentro do Pal\u00e1cio. Para o <strong>Cinema de la Plage<\/strong>, o acesso \u00e9 gratuito e aberto, sujeito \u00e0 disponibilidade.<\/p>\n<\/div><\/div><\/div>\n\n\n\n<div class=\"wp-block-kadence-pane kt-accordion-pane kt-accordion-pane-3 kt-pane2487_8f904f-fe\"><h2 class=\"kt-accordion-header-wrap\"><button class=\"kt-blocks-accordion-header kt-acccordion-button-label-show\" type=\"button\"><span class=\"kt-blocks-accordion-title-wrap\"><span class=\"kt-blocks-accordion-title\">Qual \u00e9 o c\u00f3digo de vestimenta?<\/span><\/span><span class=\"kt-blocks-accordion-icon-trigger\"><\/span><\/button><\/h2><div class=\"kt-accordion-panel kt-accordion-panel-hidden\"><div class=\"kt-accordion-panel-inner\">\n<p>Para <strong>exibi\u00e7\u00f5es de gala noturna<\/strong> no Grand Th\u00e9\u00e2tre Lumi\u00e8re, um <strong>c\u00f3digo de vestimenta rigoroso<\/strong> aplica-se: <strong>smoking<\/strong> com gravata borboleta para homens, e <strong>vestido de noite<\/strong> ou trajes de coquetel muito elegantes para mulheres. T\u00eanis s\u00e3o proibidos. Para outras sess\u00f5es diurnas, espera-se trajes elegantes, mas menos formais.<\/p>\n<\/div><\/div><\/div>\n\n\n\n<div class=\"wp-block-kadence-pane kt-accordion-pane kt-accordion-pane-4 kt-pane2487_f330ec-c9\"><h2 class=\"kt-accordion-header-wrap\"><button class=\"kt-blocks-accordion-header kt-acccordion-button-label-show\" type=\"button\"><span class=\"kt-blocks-accordion-title-wrap\"><span class=\"kt-blocks-accordion-title\">Onde posso ver celebridades?<\/span><\/span><span class=\"kt-blocks-accordion-icon-trigger\"><\/span><\/button><\/h2><div class=\"kt-accordion-panel kt-accordion-panel-hidden\"><div class=\"kt-accordion-panel-inner\">\n<p>O melhor lugar \u00e9 ao redor do <strong>tapete vermelho do Palais des Festivals<\/strong> durante a exibi\u00e7\u00e3o de gala das chegadas. <strong>A Croisette<\/strong> tamb\u00e9m \u00e9 um ponto de encontro frequente de estrelas, assim como grandes hot\u00e9is como o <strong>Martinez, Majestic e Carlton<\/strong>.<\/p>\n<\/div><\/div><\/div>\n\n\n\n<div class=\"wp-block-kadence-pane kt-accordion-pane kt-accordion-pane-5 kt-pane2487_573d02-29\"><h2 class=\"kt-accordion-header-wrap\"><button class=\"kt-blocks-accordion-header kt-acccordion-button-label-show\" type=\"button\"><span class=\"kt-blocks-accordion-title-wrap\"><span class=\"kt-blocks-accordion-title\">H\u00e1 algum evento gratuito?<\/span><\/span><span class=\"kt-blocks-accordion-icon-trigger\"><\/span><\/button><\/h2><div class=\"kt-accordion-panel kt-accordion-panel-hidden\"><div class=\"kt-accordion-panel-inner\">\n<p>Sim! O <strong>Cinema de la Plage<\/strong> oferece exibi\u00e7\u00f5es gratuitas ao ar livre todas as noites na Praia de Mac\u00e9. Passeando por <strong>A Croisette<\/strong> absorver a atmosfera tamb\u00e9m \u00e9 gratuito.<\/p>\n<\/div><\/div><\/div>\n\n\n\n<div class=\"wp-block-kadence-pane kt-accordion-pane kt-accordion-pane-6 kt-pane2487_7f55b9-85\"><h2 class=\"kt-accordion-header-wrap\"><button class=\"kt-blocks-accordion-header kt-acccordion-button-label-show\" type=\"button\"><span class=\"kt-blocks-accordion-title-wrap\"><span class=\"kt-blocks-accordion-title\">Como se locomover em Cannes durante o Festival?<\/span><\/span><span class=\"kt-blocks-accordion-icon-trigger\"><\/span><\/button><\/h2><div class=\"kt-accordion-panel kt-accordion-panel-hidden\"><div class=\"kt-accordion-panel-inner\">\n<p>Cannes \u00e9 uma cidade relativamente pequena e muito pode ser feito <strong>a p\u00e9<\/strong>. Para locais mais distantes como o <strong>Cinema<\/strong>, linhas de \u00f4nibus como a <strong>Palm Express A<\/strong> aumentaram a frequ\u00eancia e s\u00e3o <strong>gr\u00e1tis para os frequentadores do festival<\/strong> (confira as informa\u00e7\u00f5es oficiais do festival para detalhes do c\u00f3digo QR).<\/p>\n<\/div><\/div><\/div>\n\n\n\n<div class=\"wp-block-kadence-pane kt-accordion-pane kt-accordion-pane-7 kt-pane2487_01b8fd-3b\"><h2 class=\"kt-accordion-header-wrap\"><button class=\"kt-blocks-accordion-header kt-acccordion-button-label-show\" type=\"button\"><span class=\"kt-blocks-accordion-title-wrap\"><span class=\"kt-blocks-accordion-title\">O que mais h\u00e1 para fazer em Cannes e arredores al\u00e9m do Festival?<\/span><\/span><span class=\"kt-blocks-accordion-icon-trigger\"><\/span><\/button><\/h2><div class=\"kt-accordion-panel kt-accordion-panel-hidden\"><div class=\"kt-accordion-panel-inner\">\n<p>Cannes \u00e9 uma cidade relativamente pequena e muito pode ser feito <strong>a p\u00e9<\/strong>. Para locais mais distantes como o <strong>Cinema<\/strong>, linhas de \u00f4nibus como a <strong>Palm Express A<\/strong> aumentaram a frequ\u00eancia e s\u00e3o <strong>gr\u00e1tis para os frequentadores do festival<\/strong> (confira as informa\u00e7\u00f5es oficiais do festival para detalhes do c\u00f3digo QR).<\/p>\n<\/div><\/div><\/div>\n\n\n\n<div class=\"wp-block-kadence-pane kt-accordion-pane kt-accordion-pane-8 kt-pane2487_1cfe5a-80\"><h2 class=\"kt-accordion-header-wrap\"><button class=\"kt-blocks-accordion-header kt-acccordion-button-label-show\" type=\"button\"><span class=\"kt-blocks-accordion-title-wrap\"><span class=\"kt-blocks-accordion-title\">Quando devo reservar acomoda\u00e7\u00e3o?<\/span><\/span><span class=\"kt-blocks-accordion-icon-trigger\"><\/span><\/button><\/h2><div class=\"kt-accordion-panel kt-accordion-panel-hidden\"><div class=\"kt-accordion-panel-inner\">\n<p>Como <strong>o mais cedo poss\u00edvel<\/strong>! Os hot\u00e9is esgotam com meses de anteced\u00eancia e os pre\u00e7os aumentam significativamente.<\/p>\n<\/div><\/div><\/div>\n\n\n\n<div class=\"wp-block-kadence-pane kt-accordion-pane kt-accordion-pane-9 kt-pane2487_93324a-b2\"><h2 class=\"kt-accordion-header-wrap\"><button class=\"kt-blocks-accordion-header kt-acccordion-button-label-show\" type=\"button\"><span class=\"kt-blocks-accordion-title-wrap\"><span class=\"kt-blocks-accordion-title\">\u00c9 caro visitar Cannes durante o Festival?<\/span><\/span><span class=\"kt-blocks-accordion-icon-trigger\"><\/span><\/button><\/h2><div class=\"kt-accordion-panel kt-accordion-panel-hidden\"><div class=\"kt-accordion-panel-inner\">\n<p>Sim, Cannes durante o Festival pode ser <strong>muito caro<\/strong>. No entanto, voc\u00ea pode aproveitar a atmosfera e os eventos gratuitos com um or\u00e7amento mais modesto.<\/p>\n<\/div><\/div><\/div>\n<\/div><\/div><\/div>\n\n\n\n<p><\/p>","protected":false},"excerpt":{"rendered":"<p>Imagine: the sun of the French Riviera, global stars, incredible films&#8230; Welcome to the Cannes Film Festival! \ud83e\udd29 Every year in May, this corner of French paradise becomes THE center of the film world. More than just a festival, it&#8217;s a giant party where art, business, and glamour meet in a dazzling spectacle. The 2026&#8230;<\/p>","protected":false},"author":1,"featured_media":2490,"comment_status":"closed","ping_status":"closed","sticky":false,"template":"","format":"standard","meta":{"_kad_blocks_custom_css":"","_kad_blocks_head_custom_js":"","_kad_blocks_body_custom_js":"","_kad_blocks_footer_custom_js":"","_kad_post_transparent":"","_kad_post_title":"","_kad_post_layout":"","_kad_post_sidebar_id":"","_kad_post_content_style":"","_kad_post_vertical_padding":"","_kad_post_feature":"","_kad_post_feature_position":"","_kad_post_header":false,"_kad_post_footer":false,"_kad_post_classname":"","footnotes":""},"categories":[118],"tags":[],"class_list":["post-2487","post","type-post","status-publish","format-standard","has-post-thumbnail","hentry","category-party"],"taxonomy_info":{"category":[{"value":118,"label":"Party"}]},"featured_image_src_large":["https:\/\/nicepartylife.com\/wp-content\/uploads\/2025\/05\/IMG_7027-1-1024x768.webp",1024,768,true],"author_info":{"display_name":"Nice","author_link":"https:\/\/nicepartylife.com\/pt\/author\/nice\/"},"comment_info":0,"category_info":[{"term_id":118,"name":"Party","slug":"party","term_group":0,"term_taxonomy_id":118,"taxonomy":"category","description":"","parent":0,"count":26,"filter":"raw","cat_ID":118,"category_count":26,"category_description":"","cat_name":"Party","category_nicename":"party","category_parent":0}],"tag_info":false,"_links":{"self":[{"href":"https:\/\/nicepartylife.com\/pt\/wp-json\/wp\/v2\/posts\/2487","targetHints":{"allow":["GET"]}}],"collection":[{"href":"https:\/\/nicepartylife.com\/pt\/wp-json\/wp\/v2\/posts"}],"about":[{"href":"https:\/\/nicepartylife.com\/pt\/wp-json\/wp\/v2\/types\/post"}],"author":[{"embeddable":true,"href":"https:\/\/nicepartylife.com\/pt\/wp-json\/wp\/v2\/users\/1"}],"replies":[{"embeddable":true,"href":"https:\/\/nicepartylife.com\/pt\/wp-json\/wp\/v2\/comments?post=2487"}],"version-history":[{"count":7,"href":"https:\/\/nicepartylife.com\/pt\/wp-json\/wp\/v2\/posts\/2487\/revisions"}],"predecessor-version":[{"id":3310,"href":"https:\/\/nicepartylife.com\/pt\/wp-json\/wp\/v2\/posts\/2487\/revisions\/3310"}],"wp:featuredmedia":[{"embeddable":true,"href":"https:\/\/nicepartylife.com\/pt\/wp-json\/wp\/v2\/media\/2490"}],"wp:attachment":[{"href":"https:\/\/nicepartylife.com\/pt\/wp-json\/wp\/v2\/media?parent=2487"}],"wp:term":[{"taxonomy":"category","embeddable":true,"href":"https:\/\/nicepartylife.com\/pt\/wp-json\/wp\/v2\/categories?post=2487"},{"taxonomy":"post_tag","embeddable":true,"href":"https:\/\/nicepartylife.com\/pt\/wp-json\/wp\/v2\/tags?post=2487"}],"curies":[{"name":"wp","href":"https:\/\/api.w.org\/{rel}","templated":true}]}}