{"id":2602,"date":"2025-07-15T23:07:05","date_gmt":"2025-07-15T22:07:05","guid":{"rendered":"https:\/\/nicepartylife.com\/?p=2602"},"modified":"2025-08-03T14:06:04","modified_gmt":"2025-08-03T13:06:04","slug":"festa-de-verao-na-franca","status":"publish","type":"post","link":"https:\/\/nicepartylife.com\/pt\/festa-de-verao-na-franca\/","title":{"rendered":"\ud83c\udf1e O guia definitivo para festas de ver\u00e3o 2025 na Riviera Francesa (Nice e arredores)"},"content":{"rendered":"<p>Vai passar o ver\u00e3o em Nice? \u00d3timas not\u00edcias: a cidade e os arredores est\u00e3o cheios de festas ao ar livre, eventos na praia e locais ic\u00f4nicos. Aqui est\u00e1 uma lista com os eventos imperd\u00edveis para dan\u00e7ar, cantar, tomar um drink e mergulhar na vibe \u00fanica da Riviera.<\/p>\n\n\n<style>.kb-table-of-content-nav.kb-table-of-content-id2602_cde18d-c5 .kb-table-of-content-wrap{padding-top:var(--global-kb-spacing-sm, 1.5rem);padding-right:var(--global-kb-spacing-sm, 1.5rem);padding-bottom:var(--global-kb-spacing-sm, 1.5rem);padding-left:var(--global-kb-spacing-sm, 1.5rem);}.kb-table-of-content-nav.kb-table-of-content-id2602_cde18d-c5 .kb-table-of-contents-title-wrap{padding-top:0px;padding-right:0px;padding-bottom:0px;padding-left:0px;}.kb-table-of-content-nav.kb-table-of-content-id2602_cde18d-c5 .kb-table-of-contents-title{font-weight:regular;font-style:normal;}.kb-table-of-content-nav.kb-table-of-content-id2602_cde18d-c5 .kb-table-of-content-wrap .kb-table-of-content-list{color:#3017fd;font-weight:regular;font-style:normal;margin-top:var(--global-kb-spacing-sm, 1.5rem);margin-right:0px;margin-bottom:0px;margin-left:0px;}<\/style>\n\n\n<h2 class=\"wp-block-heading\">\ud83d\udcc5 Programa\u00e7\u00e3o semanal de festas<\/h2>\n\n\n\n<h3 class=\"wp-block-heading\">\ud83d\uddd3\ufe0f Segunda-feira<\/h3>\n\n\n\n<ul class=\"wp-block-list\">\n<li><strong>Clube Sonore<\/strong> \u2013 Rota\u00e7\u00e3o de escala\u00e7\u00f5es festivas em v\u00e1rios locais de Nice. Confira <a href=\"https:\/\/www.instagram.com\/clubsonore\" target=\"_blank\" rel=\"noopener\">Instagram<\/a> para locais exatos e escala\u00e7\u00f5es.<\/li>\n<\/ul>\n\n\n\n<h3 class=\"wp-block-heading\">\ud83d\uddd3\ufe0f Ter\u00e7a-feira<\/h3>\n\n\n\n<ul class=\"wp-block-list\">\n<li><strong>L&#039;Ap\u00e9ro des Oubli\u00e9s @ Plage des Canailles (Nice)<\/strong> \u2013 Todas as ter\u00e7as-feiras, entrada gratuita. Ambiente acolhedor, ambiente praiano, m\u00fasica francesa ao vivo.<\/li>\n\n\n\n<li><strong>Santoria World @ Bocca Mar (Nice)<\/strong> \u2013 Toda ter\u00e7a-feira, evento com ingresso. Batidas \u00e9tnicas, ambiente de world music e decora\u00e7\u00e3o envolvente.<\/li>\n\n\n\n<li><strong>Clube Sonore<\/strong> \u2013 V\u00e1rios locais e estilos musicais.<\/li>\n<\/ul>\n\n\n\n<h3 class=\"wp-block-heading\">\ud83d\uddd3\ufe0f Quarta-feira<\/h3>\n\n\n\n<ul class=\"wp-block-list\">\n<li><strong>Bel Aprem @ Le 109 (Nice)<\/strong> \u2013 Evento gratuito ao ar livre todas as quartas-feiras de julho. Ambiente descontra\u00eddo, DJs, drinks e p\u00fablico criativo.<br>\ud83d\udccd 89 Route de Turin, Nice<\/li>\n\n\n\n<li><strong>Clube Sonore<\/strong> \u2013 Programa\u00e7\u00e3o e locais diferentes a cada semana.<\/li>\n<\/ul>\n\n\n\n<h3 class=\"wp-block-heading\">\ud83d\uddd3\ufe0f Quinta-feira<\/h3>\n\n\n\n<ul class=\"wp-block-list\">\n<li><strong>Bel Aprem @ Le 109 (Nice)<\/strong> \u2013 Igual a quarta-feira, tamb\u00e9m nas quintas.<\/li>\n\n\n\n<li><strong>Clube Sonore<\/strong> \u2013 Mais op\u00e7\u00f5es de festas na cidade.<\/li>\n<\/ul>\n\n\n\n<h3 class=\"wp-block-heading\">\ud83d\uddd3\ufe0f Sexta-feira<\/h3>\n\n\n\n<ul class=\"wp-block-list\">\n<li><strong>Plage H\u00f4tel Amour (Nice)<\/strong> \u2013 V\u00e1rias festas por semana, muitas vezes com DJs como Jennifer Cardini e artistas independentes como The Kills. Clima praiano garantido.<br>\ud83d\udccd 47 Promenade des Anglais, Nice<\/li>\n\n\n\n<li><strong>Boca Mar (Nice)<\/strong> \u2013 Festas regulares na praia nas sextas-feiras \u00e0 noite, mistura de house e electro.<\/li>\n\n\n\n<li><strong>Plage Les Canailles (Nice)<\/strong> \u2013 Ambiente descontra\u00eddo mas animado com noites tem\u00e1ticas.<br>\ud83d\udccdQuai des \u00c9tats-Unis, Nice<\/li>\n\n\n\n<li><strong>Rooftop Anantara Plaza (Nice)<\/strong> \u2013 Um dos melhores lugares para ver o p\u00f4r do sol na cidade. Frequentemente recebe DJ sets com bar aberto.<\/li>\n\n\n\n<li><strong>Clube Sonore<\/strong> \u2013 Vibra\u00e7\u00f5es de in\u00edcio de fim de semana.<\/li>\n<\/ul>\n\n\n\n<p>\ud83d\udca1DICAS: Voc\u00ea tamb\u00e9m pode reservar um <a href=\"https:\/\/nicepartylife.com\/pt\/pub-crawl-nice\/\" data-type=\"page\" data-id=\"1636\">bar crawl privado em Nice<\/a> para descobrir a cidade em modo festa!<\/p>\n\n\n\n<h3 class=\"wp-block-heading\">\ud83d\uddd3\ufe0f S\u00e1bado<\/h3>\n\n\n\n<ul class=\"wp-block-list\">\n<li><strong>Boca Mar<\/strong>, <strong>Praia Les Canailles<\/strong>, <strong>Anantara no terra\u00e7o<\/strong> \u2013 A programa\u00e7\u00e3o varia a cada final de semana.<\/li>\n\n\n\n<li><strong>Clube Sonore<\/strong><\/li>\n\n\n\n<li><strong>9 de agosto \u2013 L&#039;Ap\u00e9ro des Frenchy no Jardin de l&#039;Olivaie (Beaulieu-sur-Mer)<\/strong><br>\ud83c\udf9f\ufe0f Tema rosa e branco, sob oliveiras, m\u00fasicas cl\u00e1ssicas francesas, petanca, comida e dan\u00e7a. \ud83d\udccd 1-3 Rue Jean Bracco, Beaulieu-sur-Mer<\/li>\n<\/ul>\n\n\n\n<h3 class=\"wp-block-heading\">Domingo<\/h3>\n\n\n\n<ul class=\"wp-block-list\">\n<li><strong>Plage H\u00f4tel Amour<\/strong>, <strong>Boca Mar<\/strong>, <strong>As Canailles<\/strong>, <strong>Anantara no terra\u00e7o<\/strong> \u2013 Dependendo da programa\u00e7\u00e3o do fim de semana.<\/li>\n<\/ul>\n\n\n\n<h2 class=\"wp-block-heading\">\u2b50\ufe0f Eventos especiais \u00fanicos<\/h2>\n\n\n\n<h3 class=\"wp-block-heading\">\ud83d\udccd 8 de agosto \u2013 NO DIGGITY @ Th\u00e9\u00e2tre de Verdure (Nice)<\/h3>\n\n\n<style>.kb-image2602_31df9d-b9.kb-image-is-ratio-size, .kb-image2602_31df9d-b9 .kb-image-is-ratio-size{max-width:528px;width:100%;}.wp-block-kadence-column > .kt-inside-inner-col > .kb-image2602_31df9d-b9.kb-image-is-ratio-size, .wp-block-kadence-column > .kt-inside-inner-col > .kb-image2602_31df9d-b9 .kb-image-is-ratio-size{align-self:unset;}.kb-image2602_31df9d-b9{max-width:528px;}.image-is-svg.kb-image2602_31df9d-b9{-webkit-flex:0 1 100%;flex:0 1 100%;}.image-is-svg.kb-image2602_31df9d-b9 img{width:100%;}.kb-image2602_31df9d-b9 .kb-image-has-overlay:after{opacity:0.3;}<\/style>\n<figure class=\"wp-block-kadence-image kb-image2602_31df9d-b9 size-large\"><img loading=\"lazy\" decoding=\"async\" width=\"1024\" height=\"656\" src=\"https:\/\/nicepartylife.com\/wp-content\/uploads\/2025\/07\/Capture-decran-2025-07-15-a-23.55.10-1024x656.webp\" alt=\"nenhuma dignidade\" class=\"kb-img wp-image-2606\" srcset=\"https:\/\/nicepartylife.com\/wp-content\/uploads\/2025\/07\/Capture-decran-2025-07-15-a-23.55.10-1024x656.webp 1024w, https:\/\/nicepartylife.com\/wp-content\/uploads\/2025\/07\/Capture-decran-2025-07-15-a-23.55.10-300x192.webp 300w, https:\/\/nicepartylife.com\/wp-content\/uploads\/2025\/07\/Capture-decran-2025-07-15-a-23.55.10-768x492.webp 768w, https:\/\/nicepartylife.com\/wp-content\/uploads\/2025\/07\/Capture-decran-2025-07-15-a-23.55.10-18x12.webp 18w, https:\/\/nicepartylife.com\/wp-content\/uploads\/2025\/07\/Capture-decran-2025-07-15-a-23.55.10.webp 1064w\" sizes=\"auto, (max-width: 1024px) 100vw, 1024px\" \/><\/figure>\n\n\n\n<ul class=\"wp-block-list\">\n<li>Grande noite de R&amp;B\/Hip-Hop. Sets de DJ, pista de dan\u00e7a, tatuagens, pra\u00e7a de alimenta\u00e7\u00e3o.<\/li>\n\n\n\n<li><strong>17h30 \u00e0s 23h30<\/strong><\/li>\n\n\n\n<li><strong>\ud83d\udccd Th\u00e9\u00e2tre de Verdure 06000 Nice<\/strong><\/li>\n<\/ul>\n\n\n<style>.wp-block-kadence-advancedbtn.kb-btns2602_c3e652-2a{gap:var(--global-kb-gap-xs, 0.5rem );justify-content:center;align-items:center;}.kt-btns2602_c3e652-2a .kt-button{font-weight:normal;font-style:normal;}.kt-btns2602_c3e652-2a .kt-btn-wrap-0{margin-right:5px;}.wp-block-kadence-advancedbtn.kt-btns2602_c3e652-2a .kt-btn-wrap-0 .kt-button{color:#555555;border-color:#555555;}.wp-block-kadence-advancedbtn.kt-btns2602_c3e652-2a .kt-btn-wrap-0 .kt-button:hover, .wp-block-kadence-advancedbtn.kt-btns2602_c3e652-2a .kt-btn-wrap-0 .kt-button:focus{color:#ffffff;border-color:#444444;}.wp-block-kadence-advancedbtn.kt-btns2602_c3e652-2a .kt-btn-wrap-0 .kt-button::before{display:none;}.wp-block-kadence-advancedbtn.kt-btns2602_c3e652-2a .kt-btn-wrap-0 .kt-button:hover, .wp-block-kadence-advancedbtn.kt-btns2602_c3e652-2a .kt-btn-wrap-0 .kt-button:focus{background:#444444;}<\/style>\n<div class=\"wp-block-kadence-advancedbtn kb-buttons-wrap kb-btns2602_c3e652-2a\"><style>ul.menu .wp-block-kadence-advancedbtn .kb-btn2602_cd77c7-af.kb-button{width:initial;}.wp-block-kadence-advancedbtn .kb-btn2602_cd77c7-af.kb-button{color:var(--global-palette9, #ffffff);background:var(--global-palette4, #2D3748);}<\/style><a class=\"kb-button kt-button button kb-btn2602_cd77c7-af kt-btn-size-standard kt-btn-width-type-auto kb-btn-global-fill  kt-btn-has-text-true kt-btn-has-svg-false  wp-block-kadence-singlebtn\" href=\"https:\/\/www.weezevent.com\/widget_billeterie.php?id_evenement=1364606&#038;widget_key=E1364606&#038;locale=en_GB&#038;color_primary=f39087&#038;multi=383757.1.1.bo.4&#038;width_auto=1&#038;code=69132\" target=\"_blank\" rel=\"noopener\"><span class=\"kt-btn-inner-text\">RESERVE SEU INGRESSO AGORA <\/span><\/a><\/div>\n\n\n\n<h3 class=\"wp-block-heading\">\ud83d\udccd 09 de agosto \u2013 L&#039;ap\u00e9ro des Frenchy, no Olive Garden BEAULIEU-SUR-MER<\/h3>\n\n\n<style>.kb-image2602_1428c9-7c.kb-image-is-ratio-size, .kb-image2602_1428c9-7c .kb-image-is-ratio-size{max-width:529px;width:100%;}.wp-block-kadence-column > .kt-inside-inner-col > .kb-image2602_1428c9-7c.kb-image-is-ratio-size, .wp-block-kadence-column > .kt-inside-inner-col > .kb-image2602_1428c9-7c .kb-image-is-ratio-size{align-self:unset;}.kb-image2602_1428c9-7c{max-width:529px;}.image-is-svg.kb-image2602_1428c9-7c{-webkit-flex:0 1 100%;flex:0 1 100%;}.image-is-svg.kb-image2602_1428c9-7c img{width:100%;}.kb-image2602_1428c9-7c .kb-image-has-overlay:after{opacity:0.3;}<\/style>\n<figure class=\"wp-block-kadence-image kb-image2602_1428c9-7c size-large\"><img loading=\"lazy\" decoding=\"async\" width=\"1024\" height=\"636\" src=\"https:\/\/nicepartylife.com\/wp-content\/uploads\/2025\/07\/Capture-decran-2025-07-15-a-23.55.02-1024x636.webp\" alt=\"o aperitivo dos franceses\" class=\"kb-img wp-image-2607\" srcset=\"https:\/\/nicepartylife.com\/wp-content\/uploads\/2025\/07\/Capture-decran-2025-07-15-a-23.55.02-1024x636.webp 1024w, https:\/\/nicepartylife.com\/wp-content\/uploads\/2025\/07\/Capture-decran-2025-07-15-a-23.55.02-300x186.webp 300w, https:\/\/nicepartylife.com\/wp-content\/uploads\/2025\/07\/Capture-decran-2025-07-15-a-23.55.02-768x477.webp 768w, https:\/\/nicepartylife.com\/wp-content\/uploads\/2025\/07\/Capture-decran-2025-07-15-a-23.55.02-18x12.webp 18w, https:\/\/nicepartylife.com\/wp-content\/uploads\/2025\/07\/Capture-decran-2025-07-15-a-23.55.02.webp 1088w\" sizes=\"auto, (max-width: 1024px) 100vw, 1024px\" \/><\/figure>\n\n\n\n<ul class=\"wp-block-list\">\n<li>C\u00f3digo de vestimenta: Festivo \/ Cores da Fran\u00e7a<\/li>\n\n\n\n<li>100% Vibra\u00e7\u00f5es musicais francesas \u2013 dan\u00e7a garantida<\/li>\n\n\n\n<li><strong>18:00 \u00e0s 23:30<\/strong><\/li>\n\n\n\n<li><strong>Endere\u00e7o: Jardin de L&#039;Olivaie<br>1-3 Rue Jean Bracco \u2013 06310 BEAULIEU-SUR-MER<\/strong><\/li>\n<\/ul>\n\n\n<style>.wp-block-kadence-advancedbtn.kb-btns2602_52779d-4f{gap:var(--global-kb-gap-xs, 0.5rem );justify-content:center;align-items:center;}.kt-btns2602_52779d-4f .kt-button{font-weight:normal;font-style:normal;}.kt-btns2602_52779d-4f .kt-btn-wrap-0{margin-right:5px;}.wp-block-kadence-advancedbtn.kt-btns2602_52779d-4f .kt-btn-wrap-0 .kt-button{color:#555555;border-color:#555555;}.wp-block-kadence-advancedbtn.kt-btns2602_52779d-4f .kt-btn-wrap-0 .kt-button:hover, .wp-block-kadence-advancedbtn.kt-btns2602_52779d-4f .kt-btn-wrap-0 .kt-button:focus{color:#ffffff;border-color:#444444;}.wp-block-kadence-advancedbtn.kt-btns2602_52779d-4f .kt-btn-wrap-0 .kt-button::before{display:none;}.wp-block-kadence-advancedbtn.kt-btns2602_52779d-4f .kt-btn-wrap-0 .kt-button:hover, .wp-block-kadence-advancedbtn.kt-btns2602_52779d-4f .kt-btn-wrap-0 .kt-button:focus{background:#444444;}<\/style>\n<div class=\"wp-block-kadence-advancedbtn kb-buttons-wrap kb-btns2602_52779d-4f\"><style>ul.menu .wp-block-kadence-advancedbtn .kb-btn2602_e19d92-29.kb-button{width:initial;}.wp-block-kadence-advancedbtn .kb-btn2602_e19d92-29.kb-button{color:var(--global-palette9, #ffffff);background:var(--global-palette4, #2D3748);}<\/style><a class=\"kb-button kt-button button kb-btn2602_e19d92-29 kt-btn-size-standard kt-btn-width-type-auto kb-btn-global-fill  kt-btn-has-text-true kt-btn-has-svg-false  wp-block-kadence-singlebtn\" href=\"https:\/\/www.weezevent.com\/widget_billeterie.php?id_evenement=1350959&#038;widget_key=E1350959&#038;locale=en_GB&#038;color_primary=f39087&#038;multi=383757.1.1.bo.4&#038;width_auto=1&#038;code=41386\" target=\"_blank\" rel=\"noopener\"><span class=\"kt-btn-inner-text\">RESERVE SEU INGRESSO AGORA <\/span><\/a><\/div>\n\n\n\n<h3 class=\"wp-block-heading\">\ud83d\udccd 12 de agosto \u2013 L&#039;ap\u00e9ro des Frenchy, no Porto de Nice<\/h3>\n\n\n\n<ul class=\"wp-block-list\">\n<li>C\u00f3digo de vestimenta: Festivo \/ Cores da Fran\u00e7a<\/li>\n\n\n\n<li>100% Vibra\u00e7\u00f5es musicais francesas \u2013 dan\u00e7a garantida<\/li>\n\n\n\n<li><strong>18:00 \u00e0s 23:30<\/strong><\/li>\n\n\n\n<li><strong>Endere\u00e7o: Porto de Nice<br>Quai Amiral Infernet 06300 NICE<\/strong><\/li>\n<\/ul>\n\n\n\n<h3 class=\"wp-block-heading\">\ud83d\udccd 14 de agosto \u2013 Ap\u00e9ro des Frenchys no Palais des Congr\u00e8s (Saint-Rapha\u00ebl)<\/h3>\n\n\n<style>.kb-image2602_4fb9b5-73.kb-image-is-ratio-size, .kb-image2602_4fb9b5-73 .kb-image-is-ratio-size{max-width:529px;width:100%;}.wp-block-kadence-column > .kt-inside-inner-col > .kb-image2602_4fb9b5-73.kb-image-is-ratio-size, .wp-block-kadence-column > .kt-inside-inner-col > .kb-image2602_4fb9b5-73 .kb-image-is-ratio-size{align-self:unset;}.kb-image2602_4fb9b5-73{max-width:529px;}.image-is-svg.kb-image2602_4fb9b5-73{-webkit-flex:0 1 100%;flex:0 1 100%;}.image-is-svg.kb-image2602_4fb9b5-73 img{width:100%;}.kb-image2602_4fb9b5-73 .kb-image-has-overlay:after{opacity:0.3;}<\/style>\n<figure class=\"wp-block-kadence-image kb-image2602_4fb9b5-73 size-large\"><img loading=\"lazy\" decoding=\"async\" width=\"1024\" height=\"636\" src=\"https:\/\/nicepartylife.com\/wp-content\/uploads\/2025\/07\/Capture-decran-2025-07-15-a-23.55.02-1024x636.webp\" alt=\"o aperitivo dos franceses\" class=\"kb-img wp-image-2607\" srcset=\"https:\/\/nicepartylife.com\/wp-content\/uploads\/2025\/07\/Capture-decran-2025-07-15-a-23.55.02-1024x636.webp 1024w, https:\/\/nicepartylife.com\/wp-content\/uploads\/2025\/07\/Capture-decran-2025-07-15-a-23.55.02-300x186.webp 300w, https:\/\/nicepartylife.com\/wp-content\/uploads\/2025\/07\/Capture-decran-2025-07-15-a-23.55.02-768x477.webp 768w, https:\/\/nicepartylife.com\/wp-content\/uploads\/2025\/07\/Capture-decran-2025-07-15-a-23.55.02-18x12.webp 18w, https:\/\/nicepartylife.com\/wp-content\/uploads\/2025\/07\/Capture-decran-2025-07-15-a-23.55.02.webp 1088w\" sizes=\"auto, (max-width: 1024px) 100vw, 1024px\" \/><\/figure>\n\n\n\n<ul class=\"wp-block-list\">\n<li>M\u00fasicas cl\u00e1ssicas francesas, clima festivo e clima litor\u00e2neo.<\/li>\n\n\n\n<li>\ud83d\udccd Centro de Conven\u00e7\u00f5es Saint-Rapha\u00ebl, Porto de Santa L\u00facia \u2013 83700 Saint-Rapha\u00ebl<\/li>\n<\/ul>\n\n\n<style>.wp-block-kadence-advancedbtn.kb-btns2602_b49ec7-a3{gap:var(--global-kb-gap-xs, 0.5rem );justify-content:center;align-items:center;}.kt-btns2602_b49ec7-a3 .kt-button{font-weight:normal;font-style:normal;}.kt-btns2602_b49ec7-a3 .kt-btn-wrap-0{margin-right:5px;}.wp-block-kadence-advancedbtn.kt-btns2602_b49ec7-a3 .kt-btn-wrap-0 .kt-button{color:#555555;border-color:#555555;}.wp-block-kadence-advancedbtn.kt-btns2602_b49ec7-a3 .kt-btn-wrap-0 .kt-button:hover, .wp-block-kadence-advancedbtn.kt-btns2602_b49ec7-a3 .kt-btn-wrap-0 .kt-button:focus{color:#ffffff;border-color:#444444;}.wp-block-kadence-advancedbtn.kt-btns2602_b49ec7-a3 .kt-btn-wrap-0 .kt-button::before{display:none;}.wp-block-kadence-advancedbtn.kt-btns2602_b49ec7-a3 .kt-btn-wrap-0 .kt-button:hover, .wp-block-kadence-advancedbtn.kt-btns2602_b49ec7-a3 .kt-btn-wrap-0 .kt-button:focus{background:#444444;}<\/style>\n<div class=\"wp-block-kadence-advancedbtn kb-buttons-wrap kb-btns2602_b49ec7-a3\"><style>ul.menu .wp-block-kadence-advancedbtn .kb-btn2602_638dfb-5f.kb-button{width:initial;}.wp-block-kadence-advancedbtn .kb-btn2602_638dfb-5f.kb-button{color:var(--global-palette9, #ffffff);background:var(--global-palette4, #2D3748);}<\/style><a class=\"kb-button kt-button button kb-btn2602_638dfb-5f kt-btn-size-standard kt-btn-width-type-auto kb-btn-global-fill  kt-btn-has-text-true kt-btn-has-svg-false  wp-block-kadence-singlebtn\" href=\"https:\/\/www.weezevent.com\/widget_billeterie.php?id_evenement=1364022&#038;widget_key=E1364022&#038;locale=en_GB&#038;color_primary=f39087&#038;code=53889&#038;width_auto=1&#038;multi=383757.1.1.bo.2\" target=\"_blank\" rel=\"noopener\"><span class=\"kt-btn-inner-text\">RESERVE SEU INGRESSO AGORA <\/span><\/a><\/div>\n\n\n\n<h2 class=\"wp-block-heading\">\u2753 Dicas \u00fateis<\/h2>\n\n\n\n<ul class=\"wp-block-list\">\n<li>A maioria dos eventos s\u00e3o <strong>gr\u00e1tis com RSVP<\/strong> ou <strong>com multa<\/strong>.<\/li>\n\n\n\n<li>Muitos eventos s\u00e3o <strong>Somente maiores de 18 anos<\/strong>.<\/li>\n\n\n\n<li>Animais de estima\u00e7\u00e3o n\u00e3o s\u00e3o permitidos, a menos que seja indicado.<\/li>\n\n\n\n<li>Para programa\u00e7\u00f5es completas, fotos e reservas:\n<ul class=\"wp-block-list\">\n<li><a href=\"https:\/\/www.instagram.com\/aperodesfrenchy\" target=\"_blank\" rel=\"noopener\">@aperodesfrenchy<\/a><\/li>\n\n\n\n<li><a href=\"https:\/\/www.instagram.com\/nodiggityevents\" target=\"_blank\" rel=\"noopener\">@nodiggityevents<\/a><\/li>\n\n\n\n<li><a href=\"https:\/\/www.instagram.com\/boccamar\/?hl=fr\" target=\"_blank\" rel=\"noopener\">@boccamar<\/a><\/li>\n\n\n\n<li><a href=\"https:\/\/www.instagram.com\/santoria_world\/?hl=fr\" target=\"_blank\" rel=\"noopener\">@santoria<\/a><\/li>\n<\/ul>\n<\/li>\n<\/ul>\n\n\n\n<p><strong>Pronto para festejar o ver\u00e3o inteiro na Riviera Francesa?<\/strong> Compartilhe este guia com seus amigos e comece a garantir suas noites de ver\u00e3o! \ud83c\udf78\ud83c\udfb6<\/p>","protected":false},"excerpt":{"rendered":"<p>Vai passar o ver\u00e3o em Nice? \u00d3timas not\u00edcias: a cidade e os arredores est\u00e3o repletos de festas ao ar livre, eventos na praia e locais ic\u00f4nicos. Aqui est\u00e1 uma lista com os eventos imperd\u00edveis para dan\u00e7ar, cantar, tomar um drink e mergulhar na vibe \u00fanica da Riviera. \ud83d\udcc5 Programa\u00e7\u00e3o semanal de festas \ud83d\uddd3\ufe0f Segunda-feira \ud83d\uddd3\ufe0f Ter\u00e7a-feira \ud83d\uddd3\ufe0f Quarta-feira \ud83d\uddd3\ufe0f Quinta-feira \ud83d\uddd3\ufe0f\u2026<\/p>","protected":false},"author":1,"featured_media":2609,"comment_status":"closed","ping_status":"closed","sticky":false,"template":"","format":"standard","meta":{"_kad_blocks_custom_css":"","_kad_blocks_head_custom_js":"","_kad_blocks_body_custom_js":"","_kad_blocks_footer_custom_js":"","_kad_post_transparent":"","_kad_post_title":"","_kad_post_layout":"","_kad_post_sidebar_id":"","_kad_post_content_style":"","_kad_post_vertical_padding":"","_kad_post_feature":"","_kad_post_feature_position":"","_kad_post_header":false,"_kad_post_footer":false,"_kad_post_classname":"","footnotes":""},"categories":[118],"tags":[],"class_list":["post-2602","post","type-post","status-publish","format-standard","has-post-thumbnail","hentry","category-party"],"taxonomy_info":{"category":[{"value":118,"label":"Party"}]},"featured_image_src_large":["https:\/\/nicepartylife.com\/wp-content\/uploads\/2025\/07\/ChatGPT-Image-16-juil.-2025-00_06_26-1024x683.webp",1024,683,true],"author_info":{"display_name":"Nice","author_link":"https:\/\/nicepartylife.com\/pt\/author\/nice\/"},"comment_info":0,"category_info":[{"term_id":118,"name":"Party","slug":"party","term_group":0,"term_taxonomy_id":118,"taxonomy":"category","description":"","parent":0,"count":26,"filter":"raw","cat_ID":118,"category_count":26,"category_description":"","cat_name":"Party","category_nicename":"party","category_parent":0}],"tag_info":false,"_links":{"self":[{"href":"https:\/\/nicepartylife.com\/pt\/wp-json\/wp\/v2\/posts\/2602","targetHints":{"allow":["GET"]}}],"collection":[{"href":"https:\/\/nicepartylife.com\/pt\/wp-json\/wp\/v2\/posts"}],"about":[{"href":"https:\/\/nicepartylife.com\/pt\/wp-json\/wp\/v2\/types\/post"}],"author":[{"embeddable":true,"href":"https:\/\/nicepartylife.com\/pt\/wp-json\/wp\/v2\/users\/1"}],"replies":[{"embeddable":true,"href":"https:\/\/nicepartylife.com\/pt\/wp-json\/wp\/v2\/comments?post=2602"}],"version-history":[{"count":6,"href":"https:\/\/nicepartylife.com\/pt\/wp-json\/wp\/v2\/posts\/2602\/revisions"}],"predecessor-version":[{"id":2677,"href":"https:\/\/nicepartylife.com\/pt\/wp-json\/wp\/v2\/posts\/2602\/revisions\/2677"}],"wp:featuredmedia":[{"embeddable":true,"href":"https:\/\/nicepartylife.com\/pt\/wp-json\/wp\/v2\/media\/2609"}],"wp:attachment":[{"href":"https:\/\/nicepartylife.com\/pt\/wp-json\/wp\/v2\/media?parent=2602"}],"wp:term":[{"taxonomy":"category","embeddable":true,"href":"https:\/\/nicepartylife.com\/pt\/wp-json\/wp\/v2\/categories?post=2602"},{"taxonomy":"post_tag","embeddable":true,"href":"https:\/\/nicepartylife.com\/pt\/wp-json\/wp\/v2\/tags?post=2602"}],"curies":[{"name":"wp","href":"https:\/\/api.w.org\/{rel}","templated":true}]}}